{"id":3620,"date":"2018-10-01T16:56:36","date_gmt":"2018-10-01T16:56:36","guid":{"rendered":"http:\/\/kyoto.local\/?p=3620"},"modified":"2020-10-29T16:06:04","modified_gmt":"2020-10-29T19:06:04","slug":"videoarte-no-brasil","status":"publish","type":"post","link":"https:\/\/opa.ufrn.br\/index.php\/videoarte-no-brasil\/","title":{"rendered":"Pol\u00edtica Editorial"},"content":{"rendered":"\t\t<div data-elementor-type=\"wp-post\" data-elementor-id=\"3620\" class=\"elementor elementor-3620\">\n\t\t\t\t\t\t<section class=\"elementor-section elementor-top-section elementor-element elementor-element-8b83721 elementor-section-boxed elementor-section-height-default elementor-section-height-default\" data-id=\"8b83721\" data-element_type=\"section\" data-e-type=\"section\">\n\t\t\t\t\t\t<div class=\"elementor-container elementor-column-gap-default\">\n\t\t\t\t\t<div class=\"elementor-column elementor-col-100 elementor-top-column elementor-element elementor-element-7e9546b\" data-id=\"7e9546b\" data-element_type=\"column\" data-e-type=\"column\">\n\t\t\t<div class=\"elementor-widget-wrap elementor-element-populated\">\n\t\t\t\t\t\t<div class=\"elementor-element elementor-element-8f9ce0f elementor-widget elementor-widget-spacer\" data-id=\"8f9ce0f\" data-element_type=\"widget\" data-e-type=\"widget\" data-widget_type=\"spacer.default\">\n\t\t\t\t<div class=\"elementor-widget-container\">\n\t\t\t\t\t\t\t<div class=\"elementor-spacer\">\n\t\t\t<div class=\"elementor-spacer-inner\"><\/div>\n\t\t<\/div>\n\t\t\t\t\t\t<\/div>\n\t\t\t\t<\/div>\n\t\t\t\t\t<\/div>\n\t\t<\/div>\n\t\t\t\t\t<\/div>\n\t\t<\/section>\n\t\t\t\t<section class=\"elementor-section elementor-top-section elementor-element elementor-element-7551339e elementor-section-boxed elementor-section-height-default elementor-section-height-default\" data-id=\"7551339e\" data-element_type=\"section\" data-e-type=\"section\">\n\t\t\t\t\t\t<div class=\"elementor-container elementor-column-gap-no\">\n\t\t\t\t\t<div class=\"elementor-column elementor-col-100 elementor-top-column elementor-element elementor-element-1f32b16e\" data-id=\"1f32b16e\" data-element_type=\"column\" data-e-type=\"column\">\n\t\t\t<div class=\"elementor-widget-wrap elementor-element-populated\">\n\t\t\t\t\t\t<section class=\"elementor-section elementor-inner-section elementor-element elementor-element-7141c287 elementor-section-boxed elementor-section-height-default elementor-section-height-default\" data-id=\"7141c287\" data-element_type=\"section\" data-e-type=\"section\">\n\t\t\t\t\t\t<div class=\"elementor-container elementor-column-gap-no\">\n\t\t\t\t\t<div class=\"elementor-column elementor-col-100 elementor-inner-column elementor-element elementor-element-497beb9e\" data-id=\"497beb9e\" data-element_type=\"column\" data-e-type=\"column\">\n\t\t\t<div class=\"elementor-widget-wrap elementor-element-populated\">\n\t\t\t\t\t\t<div class=\"elementor-element elementor-element-f0fb127 elementor-widget elementor-widget-heading\" data-id=\"f0fb127\" data-element_type=\"widget\" data-e-type=\"widget\" data-widget_type=\"heading.default\">\n\t\t\t\t<div class=\"elementor-widget-container\">\n\t\t\t\t\t<h2 class=\"elementor-heading-title elementor-size-default\">Pol\u00edtica Editorial <\/h2>\t\t\t\t<\/div>\n\t\t\t\t<\/div>\n\t\t\t\t<div class=\"elementor-element elementor-element-206512a8 elementor-widget elementor-widget-text-editor\" data-id=\"206512a8\" data-element_type=\"widget\" data-e-type=\"widget\" data-widget_type=\"text-editor.default\">\n\t\t\t\t<div class=\"elementor-widget-container\">\n\t\t\t\t\t\t\t\t\t<p><strong>Finalidade<\/strong><\/p>\n<p>O objetivo do Observat\u00f3rio do Audiovisual Potiguar \u00e9 fornecer subs\u00eddios para a formula\u00e7\u00e3o de novos projetos audiovisuais, pol\u00edticas p\u00fablicas, pesquisas do audiovisual e suas interse\u00e7\u00f5es com a cultura e a comunica\u00e7\u00e3o regional. A iniciativa incorpora tra\u00e7os de um laborat\u00f3rio de ideias de cunho progressista que assume o compromisso de transforma\u00e7\u00e3o da sociedade e de constru\u00e7\u00e3o de cen\u00e1rios contra hegem\u00f4nicos.<\/p>\n<p>Para isso, \u00e9 fundamental desenvolver uma pol\u00edtica editorial s\u00f3lida, que possa reverberar no reconhecimento da institui\u00e7\u00e3o como uma das refer\u00eancias na sistematiza\u00e7\u00e3o e na difus\u00e3o de dados e informa\u00e7\u00f5es sobre o setor. \u00a0<\/p>\n<p>Neste sentido, a se\u00e7\u00e3o \u201cAn\u00e1lises\u201d do Observat\u00f3rio do Audiovisual Potiguar se constituir\u00e1 como um <em>Boletim t\u00e9cnico-cient\u00edfico, <\/em>editorado pelo EPA! \u2013 Grupo de Pesquisa em Economia Pol\u00edtica do Audiovisual, de periodicidade quadrimestral e com acesso aberto. \u00a0\u00a0\u00a0\u00a0<\/p>\n<p>A caracter\u00edstica end\u00f3gena presente em editora\u00e7\u00f5es classificadas como <em>superlocais<\/em> como a nossa implica em significativos desafios. Para super\u00e1-los, formulamos 3 etapas de desenvolvimento editorial, a saber: 1) <em>Experimental<\/em>: fase que corresponde aos primeiros seis meses a partir do lan\u00e7amento do Observat\u00f3rio, em que difundiremos an\u00e1lises mensais relacionadas aos planos de trabalho do projeto de pesquisa \u201cMercado Audiovisual no Rio Grande do Norte\u201d; 2) <em>Implementa\u00e7\u00e3o<\/em>: fase que corresponde a tr\u00eas anos em que implantaremos o <em>Boletim t\u00e9cnico-cient\u00edfico<\/em>; 3) <em>Consolida\u00e7\u00e3o<\/em>: que pretendemos alcan\u00e7ar em cinco anos com o fortalecimento do alcance e da qualifica\u00e7\u00e3o das produ\u00e7\u00f5es.<\/p>\n<p><strong>Eixos<\/strong><\/p>\n<p>As publica\u00e7\u00f5es se orientam nos eixos de organiza\u00e7\u00e3o do Observat\u00f3rio do Audiovisual Potiguar, associados ao escopo te\u00f3rico da Economia Pol\u00edtica da Comunica\u00e7\u00e3o, a saber: estrutura\u00e7\u00e3o, mercantiliza\u00e7\u00e3o, espacializa\u00e7\u00e3o e mem\u00f3ria.<\/p>\n<p><strong>O que se publica? <\/strong><\/p>\n<p><em>Resultados de Pesquisa<\/em>: publicaremos originais resultantes de processos de pesquisa internos e externos. \u00a0<\/p>\n<p><em>Resultados de pesquisa de estudantes de inicia\u00e7\u00e3o cient\u00edfica, de disciplinas e de Trabalhos de Conclus\u00e3o do Curso de Comunica\u00e7\u00e3o Social &#8211; Audiovisual<\/em>: publicaremos resultados e an\u00e1lises que s\u00e3o frutos dos processos formativos do corpo discente do Curso de Comunica\u00e7\u00e3o Social \u2013 Audiovisual da Universidade Federal do Rio Grande do Norte. Tais pesquisas devem estar relacionadas aos prop\u00f3sitos do Projeto Pedag\u00f3gico do Curso, ao audiovisual no Rio Grande do Norte e serem acompanhadas pelos docentes orientadorxs. \u00a0<\/p>\n<p><em>Relatos de experi\u00eancias de profissionais do audiovisual<\/em>: publicaremos relatos de profissionais do audiovisual interessados em compartilhar processos criativos, reflex\u00f5es sobre etapas de produ\u00e7\u00e3o e sobre pol\u00edticas privadas e p\u00fablicas ancoradas em refer\u00eancias e an\u00e1lises de car\u00e1ter te\u00f3rico-metodol\u00f3gico.<\/p>\n<p><em>Material did\u00e1tico<\/em>: produ\u00e7\u00f5es bibliogr\u00e1ficas voltadas para a forma\u00e7\u00e3o de profissionais para o audiovisual utilizada como suporte a cursos promovidos ou como apoio pedag\u00f3gico.<\/p>\n<p><em>Entrevistas:<\/em> com realizadorxs, pesquisadorxs, gestorxs, cr\u00edticxs e espectadorxs do audiovisual no Rio Grande do Norte. \u00a0<\/p>\n<p><em>Resenhas<\/em><strong>: <\/strong>an\u00e1lises e cr\u00edticas de obras audiovisuais produzidas no Rio Grande do Norte. <strong>\u00a0\u00a0<\/strong><\/p>\n<p><strong>Difus\u00e3o e divulga\u00e7\u00e3o <\/strong><\/p>\n<p>Nossas publica\u00e7\u00f5es seguem a pol\u00edtica editorial de acesso aberto. Assim, entendemos que potencializaremos a difus\u00e3o do conhecimento e, portanto, sua contribui\u00e7\u00e3o para o desenvolvimento da regi\u00e3o.<\/p>\n<p><strong>Princ\u00edpios <\/strong><\/p>\n<p>A pol\u00edtica editorial do Observat\u00f3rio do Audiovisual Potiguar se alicer\u00e7a no rigor cient\u00edfico, nos valores de universalidade do ensino p\u00fablico, gratuito e de qualidade e na diversidade de g\u00eanero, ra\u00e7a, etnia, classe e regi\u00e3o.<\/p>\t\t\t\t\t\t\t\t<\/div>\n\t\t\t\t<\/div>\n\t\t\t\t\t<\/div>\n\t\t<\/div>\n\t\t\t\t\t<\/div>\n\t\t<\/section>\n\t\t\t\t\t<\/div>\n\t\t<\/div>\n\t\t\t\t\t<\/div>\n\t\t<\/section>\n\t\t\t\t<section class=\"elementor-section elementor-top-section elementor-element elementor-element-866556e elementor-section-boxed elementor-section-height-default elementor-section-height-default\" data-id=\"866556e\" data-element_type=\"section\" data-e-type=\"section\">\n\t\t\t\t\t\t<div class=\"elementor-container elementor-column-gap-default\">\n\t\t\t\t\t<div class=\"elementor-column elementor-col-100 elementor-top-column elementor-element elementor-element-b6bc8f7\" data-id=\"b6bc8f7\" data-element_type=\"column\" data-e-type=\"column\">\n\t\t\t<div class=\"elementor-widget-wrap elementor-element-populated\">\n\t\t\t\t\t\t<div class=\"elementor-element elementor-element-d74591c elementor-widget elementor-widget-spacer\" data-id=\"d74591c\" data-element_type=\"widget\" data-e-type=\"widget\" data-widget_type=\"spacer.default\">\n\t\t\t\t<div class=\"elementor-widget-container\">\n\t\t\t\t\t\t\t<div class=\"elementor-spacer\">\n\t\t\t<div class=\"elementor-spacer-inner\"><\/div>\n\t\t<\/div>\n\t\t\t\t\t\t<\/div>\n\t\t\t\t<\/div>\n\t\t\t\t<div class=\"elementor-element elementor-element-913cfd0 elementor-widget elementor-widget-spacer\" data-id=\"913cfd0\" data-element_type=\"widget\" data-e-type=\"widget\" data-widget_type=\"spacer.default\">\n\t\t\t\t<div class=\"elementor-widget-container\">\n\t\t\t\t\t\t\t<div class=\"elementor-spacer\">\n\t\t\t<div class=\"elementor-spacer-inner\"><\/div>\n\t\t<\/div>\n\t\t\t\t\t\t<\/div>\n\t\t\t\t<\/div>\n\t\t\t\t\t<\/div>\n\t\t<\/div>\n\t\t\t\t\t<\/div>\n\t\t<\/section>\n\t\t\t\t<\/div>\n\t\t","protected":false},"excerpt":{"rendered":"<p>Pol\u00edtica Editorial Finalidade O objetivo do Observat\u00f3rio do Audiovisual Potiguar \u00e9 fornecer subs\u00eddios para a formula\u00e7\u00e3o de novos&#8230;<\/p>\n","protected":false},"author":1,"featured_media":21631,"comment_status":"open","ping_status":"open","sticky":false,"template":"elementor_header_footer","format":"standard","meta":{"_acf_changed":false,"footnotes":""},"categories":[65],"tags":[],"class_list":["post-3620","post","type-post","status-publish","format-standard","has-post-thumbnail","hentry","category-analises"],"acf":[],"blog_post_layout_featured_media_urls":{"thumbnail":["https:\/\/opa.ufrn.br\/wp-content\/uploads\/2020\/10\/editorial-150x150.png",150,150,true],"full":["https:\/\/opa.ufrn.br\/wp-content\/uploads\/2020\/10\/editorial.png",2048,2048,false]},"categories_names":{"65":{"name":"An\u00e1lises","link":"https:\/\/opa.ufrn.br\/index.php\/category\/analises\/"}},"tags_names":[],"comments_number":"0","_links":{"self":[{"href":"https:\/\/opa.ufrn.br\/index.php\/wp-json\/wp\/v2\/posts\/3620","targetHints":{"allow":["GET"]}}],"collection":[{"href":"https:\/\/opa.ufrn.br\/index.php\/wp-json\/wp\/v2\/posts"}],"about":[{"href":"https:\/\/opa.ufrn.br\/index.php\/wp-json\/wp\/v2\/types\/post"}],"author":[{"embeddable":true,"href":"https:\/\/opa.ufrn.br\/index.php\/wp-json\/wp\/v2\/users\/1"}],"replies":[{"embeddable":true,"href":"https:\/\/opa.ufrn.br\/index.php\/wp-json\/wp\/v2\/comments?post=3620"}],"version-history":[{"count":6,"href":"https:\/\/opa.ufrn.br\/index.php\/wp-json\/wp\/v2\/posts\/3620\/revisions"}],"predecessor-version":[{"id":21638,"href":"https:\/\/opa.ufrn.br\/index.php\/wp-json\/wp\/v2\/posts\/3620\/revisions\/21638"}],"wp:featuredmedia":[{"embeddable":true,"href":"https:\/\/opa.ufrn.br\/index.php\/wp-json\/wp\/v2\/media\/21631"}],"wp:attachment":[{"href":"https:\/\/opa.ufrn.br\/index.php\/wp-json\/wp\/v2\/media?parent=3620"}],"wp:term":[{"taxonomy":"category","embeddable":true,"href":"https:\/\/opa.ufrn.br\/index.php\/wp-json\/wp\/v2\/categories?post=3620"},{"taxonomy":"post_tag","embeddable":true,"href":"https:\/\/opa.ufrn.br\/index.php\/wp-json\/wp\/v2\/tags?post=3620"}],"curies":[{"name":"wp","href":"https:\/\/api.w.org\/{rel}","templated":true}]}}