{"id":21996,"date":"2025-07-01T10:24:40","date_gmt":"2025-07-01T13:24:40","guid":{"rendered":"https:\/\/opa.ufrn.br\/?p=21996"},"modified":"2025-07-01T10:30:13","modified_gmt":"2025-07-01T13:30:13","slug":"opa-no-4o-forum-spcine","status":"publish","type":"post","link":"https:\/\/opa.ufrn.br\/index.php\/opa-no-4o-forum-spcine\/","title":{"rendered":"OPA no 4\u00ba F\u00f3rum SPCine"},"content":{"rendered":"\n<p>Durante os dias 25, 26 e 27 de junho de 2025 o Observat\u00f3rio do Audiovisual Potiguar participou do 4\u00ba F\u00f3rum Spcine, evento promovido pela Spcine \u2013 Empresa de Cinema e Audiovisual da Cidade de S\u00e3o Paulo, vinculada \u00e0 Secretaria Municipal de Cultura e Economia Criativa de S\u00e3o Paulo.<\/p>\n\n\n\n<p>O evento foi realizado na Cinemateca Brasileira e teve como um de seus principais objetivos a an\u00e1lise dos temas debatidos para a elabora\u00e7\u00e3o de uma agenda de prioridades do setor. A proposta foi destacar os aspectos centrais de cada \u00e1rea, bem como as responsabilidades dos setores p\u00fablico, privado, acad\u00eamico e das entidades representativas.<\/p>\n\n\n\n<figure class=\"wp-block-image size-large\"><img fetchpriority=\"high\" decoding=\"async\" width=\"1024\" height=\"1024\" src=\"https:\/\/opa.ufrn.br\/wp-content\/uploads\/2025\/07\/3-1024x1024.jpg\" alt=\"\" class=\"wp-image-21998\" srcset=\"https:\/\/opa.ufrn.br\/wp-content\/uploads\/2025\/07\/3-1024x1024.jpg 1024w, https:\/\/opa.ufrn.br\/wp-content\/uploads\/2025\/07\/3-300x300.jpg 300w, https:\/\/opa.ufrn.br\/wp-content\/uploads\/2025\/07\/3-150x150.jpg 150w, https:\/\/opa.ufrn.br\/wp-content\/uploads\/2025\/07\/3-768x768.jpg 768w, https:\/\/opa.ufrn.br\/wp-content\/uploads\/2025\/07\/3-500x500.jpg 500w, https:\/\/opa.ufrn.br\/wp-content\/uploads\/2025\/07\/3-1000x1000.jpg 1000w, https:\/\/opa.ufrn.br\/wp-content\/uploads\/2025\/07\/3.jpg 1080w\" sizes=\"(max-width: 1024px) 100vw, 1024px\" \/><\/figure>\n\n\n\n<p>O Observat\u00f3rio do Audiovisual Potiguar, projeto de extens\u00e3o desenvolvido pelo Grupo de Pesquisa em Economia Pol\u00edtica do Audiovisual da UFRN &#8211; vinculado ao Programa de P\u00f3s-gradua\u00e7\u00e3o em Estudos da M\u00eddia, foi convidado para participar da programa\u00e7\u00e3o do 4\u00ba F\u00f3rum Spcine e, em especial, para integrar o \u201cEncontro da Rede Brasileira de Observat\u00f3rios de Cinema, Audiovisual, Games e XR\u201d. Trata-se do primeiro encontro da Rede Nacional de Observat\u00f3rios para assinatura de termo de coopera\u00e7\u00e3o t\u00e9cnica entre os integrantes da Rede.<\/p>\n\n\n\n<p>A Rede Nacional de Observat\u00f3rios \u00e9 uma iniciativa criada a partir de um amplo debate sobre a necessidade de dados para a formula\u00e7\u00e3o e implementa\u00e7\u00e3o de pol\u00edticas p\u00fablicas baseadas em evid\u00eancias \u2014 tema de destaque na \u00faltima edi\u00e7\u00e3o do F\u00f3rum de Tiradentes, em 2025.<\/p>\n\n\n\n<p>Para a UFRN, integrar a Rede representa um passo importante no processo de discuss\u00e3o sobre as pol\u00edticas p\u00fablicas voltadas ao campo do audiovisual. Os observat\u00f3rios locais s\u00e3o mecanismos cujo prop\u00f3sito \u00e9 fornecer ao setor e \u00e0 sociedade ferramentas anal\u00edticas que contribuam para o desenvolvimento econ\u00f4mico, social e humano da regi\u00e3o, por meio da an\u00e1lise de sua produ\u00e7\u00e3o audiovisual.<\/p>\n\n\n\n<p>Na ocasi\u00e3o estiveram presente os seguintes organismos, j\u00e1 componentes deste esfor\u00e7o de trabalho em Rede:<\/p>\n\n\n\n<p>Observat\u00f3rio do Cinema e Audiovisual Capixaba (OCAC\/UFES)<br>Centro de Estudo e An\u00e1lise do Cinema e Audiovisual (CENA\/UFSCAR)<br>Observat\u00f3rio da Cultura e do Audiovisual de Belo Horizonte (Pref. de BH)<br>Observat\u00f3rio da Empresa Brasileira de Cinema e Audiovisual de S\u00e3o Paulo &#8211; SPCINE<br>Observat\u00f3rio do Audiovisual Potiguar (OPA\/UFRN)<br>Observat\u00f3rio de Cinema da Universidade Federal Fluminense (OCA\/UFF)<br>Observat\u00f3rio do Audiovisual Carioca (Rio Filmes)<br>Observat\u00f3rio Audiovisual da Universidade Federal de Sergipe (UFS)<br>Observat\u00f3rio do Audiovisual Baiano<br>Mercado Audiovisual das Amaz\u00f4nias &#8211; Matapi e Tela Amaz\u00f4nia<\/p>\n\n\n\n<p><em>Por Theresa Medeiros <\/em><\/p>\n\n\n\n<p>&#8211;<\/p>\n\n\n\n<p><strong>O Observat\u00f3rio do Audiovisual Potiguar \u00e9 um projeto de extens\u00e3o desenvolvido com o apoio da Pr\u00f3-reitoria de Extens\u00e3o (PROEX &#8211; UFRN) e da Pr\u00f3-reitoria de Pesquisa (PROPESQ &#8211; UFRN).<\/strong><\/p>\n\n\n\n<p><\/p>\n","protected":false},"excerpt":{"rendered":"<p>Durante os dias 25, 26 e 27 de junho de 2025 o Observat\u00f3rio do Audiovisual Potiguar participou do&#8230;<\/p>\n","protected":false},"author":4,"featured_media":21997,"comment_status":"open","ping_status":"open","sticky":false,"template":"","format":"standard","meta":{"_acf_changed":false,"footnotes":""},"categories":[72],"tags":[71,69,70],"class_list":["post-21996","post","type-post","status-publish","format-standard","has-post-thumbnail","hentry","category-eventos","tag-forum","tag-observatorio","tag-spcine"],"acf":[],"blog_post_layout_featured_media_urls":{"thumbnail":["https:\/\/opa.ufrn.br\/wp-content\/uploads\/2025\/07\/spcine-150x150.jpg",150,150,true],"full":["https:\/\/opa.ufrn.br\/wp-content\/uploads\/2025\/07\/spcine.jpg",1080,1080,false]},"categories_names":{"72":{"name":"Eventos","link":"https:\/\/opa.ufrn.br\/index.php\/category\/eventos\/"}},"tags_names":{"71":{"name":"f\u00f3rum","link":"https:\/\/opa.ufrn.br\/index.php\/tag\/forum\/"},"69":{"name":"observat\u00f3rio","link":"https:\/\/opa.ufrn.br\/index.php\/tag\/observatorio\/"},"70":{"name":"spcine","link":"https:\/\/opa.ufrn.br\/index.php\/tag\/spcine\/"}},"comments_number":"0","_links":{"self":[{"href":"https:\/\/opa.ufrn.br\/index.php\/wp-json\/wp\/v2\/posts\/21996","targetHints":{"allow":["GET"]}}],"collection":[{"href":"https:\/\/opa.ufrn.br\/index.php\/wp-json\/wp\/v2\/posts"}],"about":[{"href":"https:\/\/opa.ufrn.br\/index.php\/wp-json\/wp\/v2\/types\/post"}],"author":[{"embeddable":true,"href":"https:\/\/opa.ufrn.br\/index.php\/wp-json\/wp\/v2\/users\/4"}],"replies":[{"embeddable":true,"href":"https:\/\/opa.ufrn.br\/index.php\/wp-json\/wp\/v2\/comments?post=21996"}],"version-history":[{"count":4,"href":"https:\/\/opa.ufrn.br\/index.php\/wp-json\/wp\/v2\/posts\/21996\/revisions"}],"predecessor-version":[{"id":22003,"href":"https:\/\/opa.ufrn.br\/index.php\/wp-json\/wp\/v2\/posts\/21996\/revisions\/22003"}],"wp:featuredmedia":[{"embeddable":true,"href":"https:\/\/opa.ufrn.br\/index.php\/wp-json\/wp\/v2\/media\/21997"}],"wp:attachment":[{"href":"https:\/\/opa.ufrn.br\/index.php\/wp-json\/wp\/v2\/media?parent=21996"}],"wp:term":[{"taxonomy":"category","embeddable":true,"href":"https:\/\/opa.ufrn.br\/index.php\/wp-json\/wp\/v2\/categories?post=21996"},{"taxonomy":"post_tag","embeddable":true,"href":"https:\/\/opa.ufrn.br\/index.php\/wp-json\/wp\/v2\/tags?post=21996"}],"curies":[{"name":"wp","href":"https:\/\/api.w.org\/{rel}","templated":true}]}}