{"id":21868,"date":"2023-10-26T11:21:05","date_gmt":"2023-10-26T14:21:05","guid":{"rendered":"https:\/\/opa.ufrn.br\/?p=21868"},"modified":"2023-10-26T11:21:05","modified_gmt":"2023-10-26T14:21:05","slug":"film-commissions-e-sua-influencia-no-audiovisual-brasileiro","status":"publish","type":"post","link":"https:\/\/opa.ufrn.br\/index.php\/film-commissions-e-sua-influencia-no-audiovisual-brasileiro\/","title":{"rendered":"Film Commissions e sua influ\u00eancia no audiovisual brasileiro"},"content":{"rendered":"\t\t<div data-elementor-type=\"wp-post\" data-elementor-id=\"21868\" class=\"elementor elementor-21868\">\n\t\t\t\t\t\t<section class=\"elementor-section elementor-top-section elementor-element elementor-element-8ff9112 elementor-section-boxed elementor-section-height-default elementor-section-height-default\" data-id=\"8ff9112\" data-element_type=\"section\" data-e-type=\"section\">\n\t\t\t\t\t\t<div class=\"elementor-container elementor-column-gap-default\">\n\t\t\t\t\t<div class=\"elementor-column elementor-col-100 elementor-top-column elementor-element elementor-element-c8d5823\" data-id=\"c8d5823\" data-element_type=\"column\" data-e-type=\"column\">\n\t\t\t<div class=\"elementor-widget-wrap elementor-element-populated\">\n\t\t\t\t\t\t<div class=\"elementor-element elementor-element-b3cd73e elementor-widget elementor-widget-heading\" data-id=\"b3cd73e\" data-element_type=\"widget\" data-e-type=\"widget\" data-widget_type=\"heading.default\">\n\t\t\t\t<div class=\"elementor-widget-container\">\n\t\t\t\t\t<h2 class=\"elementor-heading-title elementor-size-default\"><i>Film Commissions<\/i> e sua Influ\u00eancia no audiovisual brasileiro<\/h2>\t\t\t\t<\/div>\n\t\t\t\t<\/div>\n\t\t\t\t\t<\/div>\n\t\t<\/div>\n\t\t\t\t\t<\/div>\n\t\t<\/section>\n\t\t\t\t<section class=\"elementor-section elementor-top-section elementor-element elementor-element-664ed86 elementor-section-boxed elementor-section-height-default elementor-section-height-default\" data-id=\"664ed86\" data-element_type=\"section\" data-e-type=\"section\">\n\t\t\t\t\t\t<div class=\"elementor-container elementor-column-gap-default\">\n\t\t\t\t\t<div class=\"elementor-column elementor-col-100 elementor-top-column elementor-element elementor-element-87feee7\" data-id=\"87feee7\" data-element_type=\"column\" data-e-type=\"column\">\n\t\t\t<div class=\"elementor-widget-wrap elementor-element-populated\">\n\t\t\t\t\t\t<div class=\"elementor-element elementor-element-3790b7a elementor-widget elementor-widget-text-editor\" data-id=\"3790b7a\" data-element_type=\"widget\" data-e-type=\"widget\" data-widget_type=\"text-editor.default\">\n\t\t\t\t<div class=\"elementor-widget-container\">\n\t\t\t\t\t\t\t\t\t<h6><strong>Mariana Salviano Resende Eliazar\u00a0<\/strong><\/h6>\t\t\t\t\t\t\t\t<\/div>\n\t\t\t\t<\/div>\n\t\t\t\t\t<\/div>\n\t\t<\/div>\n\t\t\t\t\t<\/div>\n\t\t<\/section>\n\t\t\t\t<section class=\"elementor-section elementor-top-section elementor-element elementor-element-8d32a47 elementor-section-boxed elementor-section-height-default elementor-section-height-default\" data-id=\"8d32a47\" data-element_type=\"section\" data-e-type=\"section\">\n\t\t\t\t\t\t<div class=\"elementor-container elementor-column-gap-default\">\n\t\t\t\t\t<div class=\"elementor-column elementor-col-100 elementor-top-column elementor-element elementor-element-546c67d\" data-id=\"546c67d\" data-element_type=\"column\" data-e-type=\"column\">\n\t\t\t<div class=\"elementor-widget-wrap elementor-element-populated\">\n\t\t\t\t\t\t<div class=\"elementor-element elementor-element-5dd0d2e elementor-widget elementor-widget-text-editor\" data-id=\"5dd0d2e\" data-element_type=\"widget\" data-e-type=\"widget\" data-widget_type=\"text-editor.default\">\n\t\t\t\t<div class=\"elementor-widget-container\">\n\t\t\t\t\t\t\t\t\t<p><span style=\"font-weight: 400;\">O audiovisual nacional desempenha um papel\u00a0 importante na representa\u00e7\u00e3o cultural\u00a0 dos brasileiros.. Al\u00e9m disso, ele atualmente\u00a0 movimenta um mercado\u00a0 em expans\u00e3o, e se constitui\u00a0 como a principal fonte de consumo de informa\u00e7\u00e3o e de entretenimento da popula\u00e7\u00e3o. No entanto, o Brasil possui um hist\u00f3rico intrigante a respeito de como se constituiu a estrutura\u00e7\u00e3o e a regulamenta\u00e7\u00e3o no setor das comunica\u00e7\u00f5es, e\u00a0 de acordo com o livro \u201cQual a l\u00f3gica das pol\u00edticas de comunica\u00e7\u00e3o no Brasil?\u201d, de C\u00e9sar Bola\u00f1o, \u201cA pol\u00edtica audiovisual brasileira retrata a estrutura hegem\u00f4nica do setor. (&#8230;) Todo o modelo brasileiro de regula\u00e7\u00e3o do audiovisual, baseado no C\u00f3digo Brasileiro de Telecomunica\u00e7\u00f5es (CBT) e especificado ao longo do per\u00edodo autorit\u00e1rio tem se mostrado altamente concentrador e totalmente avesso \u00e0 mudan\u00e7a\u201d.<\/span><\/p>\t\t\t\t\t\t\t\t<\/div>\n\t\t\t\t<\/div>\n\t\t\t\t\t<\/div>\n\t\t<\/div>\n\t\t\t\t\t<\/div>\n\t\t<\/section>\n\t\t\t\t<section class=\"elementor-section elementor-top-section elementor-element elementor-element-5c8b18c elementor-section-boxed elementor-section-height-default elementor-section-height-default\" data-id=\"5c8b18c\" data-element_type=\"section\" data-e-type=\"section\">\n\t\t\t\t\t\t<div class=\"elementor-container elementor-column-gap-default\">\n\t\t\t\t\t<div class=\"elementor-column elementor-col-100 elementor-top-column elementor-element elementor-element-4310b68\" data-id=\"4310b68\" data-element_type=\"column\" data-e-type=\"column\">\n\t\t\t<div class=\"elementor-widget-wrap elementor-element-populated\">\n\t\t\t\t\t\t<div class=\"elementor-element elementor-element-60afdaf elementor-widget elementor-widget-text-editor\" data-id=\"60afdaf\" data-element_type=\"widget\" data-e-type=\"widget\" data-widget_type=\"text-editor.default\">\n\t\t\t\t<div class=\"elementor-widget-container\">\n\t\t\t\t\t\t\t\t\t<p><span style=\"font-weight: 400;\">Nesse contexto, o pa\u00eds enfrenta um hist\u00f3rico de conflito entre perspectivas de atua\u00e7\u00e3o p\u00fablico-privado , que levaram \u00e0 cria\u00e7\u00e3o e destrui\u00e7\u00e3o de pol\u00edticas e de equipamentos culturais, que existem para contribuir com o avan\u00e7o e evolu\u00e7\u00e3o do sistema de fomento, de produ\u00e7\u00e3o, de distribui\u00e7\u00e3o e de consumo audiovisual no Brasil.\u00a0<\/span><\/p><p><span style=\"font-weight: 400;\">Sobre a\u00a0 centraliza\u00e7\u00e3o, um recorte poss\u00edvel \u00e9 a an\u00e1lise feita pela ANCINE em 2021, que apontou para a concentra\u00e7\u00e3o de\u00a0 60% dos empregados do setor audiovisual na regi\u00e3o sudeste<\/span><\/p><p><span style=\"font-weight: 400;\">A regi\u00e3o tamb\u00e9m foi a que mais produziu filmes em 2016, segundo o Anu\u00e1rio Estat\u00edstico do Cinema Brasileiro. Dos 142 filmes lan\u00e7ados no ano , 43% foram feitos por produtoras de S\u00e3o Paulo e 34% por empresas do Rio de Janeiro, enquanto a regi\u00e3o Norte, por exemplo, n\u00e3o lan\u00e7ou comercialmente nenhum filme. .\u00a0<\/span><\/p>\t\t\t\t\t\t\t\t<\/div>\n\t\t\t\t<\/div>\n\t\t\t\t\t<\/div>\n\t\t<\/div>\n\t\t\t\t\t<\/div>\n\t\t<\/section>\n\t\t\t\t<section class=\"elementor-section elementor-top-section elementor-element elementor-element-41732ec elementor-section-boxed elementor-section-height-default elementor-section-height-default\" data-id=\"41732ec\" data-element_type=\"section\" data-e-type=\"section\">\n\t\t\t\t\t\t<div class=\"elementor-container elementor-column-gap-default\">\n\t\t\t\t\t<div class=\"elementor-column elementor-col-100 elementor-top-column elementor-element elementor-element-1dd7587\" data-id=\"1dd7587\" data-element_type=\"column\" data-e-type=\"column\">\n\t\t\t<div class=\"elementor-widget-wrap elementor-element-populated\">\n\t\t\t\t\t\t<div class=\"elementor-element elementor-element-571ca61 elementor-widget elementor-widget-text-editor\" data-id=\"571ca61\" data-element_type=\"widget\" data-e-type=\"widget\" data-widget_type=\"text-editor.default\">\n\t\t\t\t<div class=\"elementor-widget-container\">\n\t\t\t\t\t\t\t\t\t<p><span style=\"font-weight: 400;\">Embora o audiovisual seja um mercado bem-sucedido, j\u00e1 que em 2018 chegou a gerar uma renda de R$26,7 bilh\u00f5es na economia brasileira , de acordo com o IBGE, a centraliza\u00e7\u00e3o da ind\u00fastria audiovisual ainda \u00e9 uma realidade preocupante. Assim, medidas que tragam a descentraliza\u00e7\u00e3o podem ser uma sa\u00edda para que o audiovisual se torne mais expansivo, inclusivo e plural, tanto em quest\u00f5es financeiras quanto sociais.\u00a0<\/span><\/p><p><span style=\"font-weight: 400;\">Uma das sa\u00eddas\u00a0 para\u00a0 incentivar a produ\u00e7\u00e3o cultural s\u00e3o as Comiss\u00f5es F\u00edlmicas, tamb\u00e9m conhecidas como <\/span><i><span style=\"font-weight: 400;\">Film Commissions<\/span><\/i><span style=\"font-weight: 400;\">. Uma <\/span><i><span style=\"font-weight: 400;\">Film Commission <\/span><\/i><span style=\"font-weight: 400;\">\u00e9 um \u00f3rg\u00e3o governamental, ligado ao poder executivo, sem fins lucrativos e que\u00a0 tem como objetivo atrair e estimular a produ\u00e7\u00e3o audiovisual na regi\u00e3o em que se localiza, al\u00e9m de beneficiar econ\u00f4mica e culturalmente o turismo dali.\u00a0<\/span><\/p>\t\t\t\t\t\t\t\t<\/div>\n\t\t\t\t<\/div>\n\t\t\t\t\t<\/div>\n\t\t<\/div>\n\t\t\t\t\t<\/div>\n\t\t<\/section>\n\t\t\t\t<section class=\"elementor-section elementor-top-section elementor-element elementor-element-6ca98a4 elementor-section-boxed elementor-section-height-default elementor-section-height-default\" data-id=\"6ca98a4\" data-element_type=\"section\" data-e-type=\"section\">\n\t\t\t\t\t\t<div class=\"elementor-container elementor-column-gap-default\">\n\t\t\t\t\t<div class=\"elementor-column elementor-col-100 elementor-top-column elementor-element elementor-element-c49309f\" data-id=\"c49309f\" data-element_type=\"column\" data-e-type=\"column\">\n\t\t\t<div class=\"elementor-widget-wrap elementor-element-populated\">\n\t\t\t\t\t\t<div class=\"elementor-element elementor-element-bba7b82 elementor-widget elementor-widget-text-editor\" data-id=\"bba7b82\" data-element_type=\"widget\" data-e-type=\"widget\" data-widget_type=\"text-editor.default\">\n\t\t\t\t<div class=\"elementor-widget-container\">\n\t\t\t\t\t\t\t\t\t<p><span style=\"font-weight: 400;\">Esse mecanismo \u00e9 tido para estudiosos da \u00e1rea como algo que pode facilitar, inclusive, o interesse de produtores em determinados locais. De acordo com o autor do livro \u201cGuia para <i>Film Commissions<\/i> no Brasil\u201d, Steve Solot, uma <i>Film Commission<\/i> \u201catua como ponte entre a comunidade, os \u00f3rg\u00e3os p\u00fablicos e a produ\u00e7\u00e3o, no sentido de minimizar os transtornos causados \u00e0 regi\u00e3o, ao mesmo tempo em que procura maximizar os ganhos que essa mesma regi\u00e3o possa obter com um n\u00famero crescente de produ\u00e7\u00f5es audiovisuais\u201d<\/span><span style=\"font-weight: 400;\">.<\/span><span style=\"font-weight: 400;\"> No entanto, uma quest\u00e3o em torno das <i>Film Commissions<\/i> \u00e9 a\u00a0 dificuldade em se encontrar dados concretos e oficiais a seu respeito no Brasil.\u00a0<\/span><\/p><p><span style=\"font-weight: 400;\">Alguns dados encontrados atrav\u00e9s de pesquisa nos portais das organiza\u00e7\u00f5es estimam que existam em torno de 19 comiss\u00f5es regionais j\u00e1 foram regulamentadas, que em sua maioria s\u00e3o mantidas com recursos das respectivas Secretarias de Turismo e de Cultura. Uma das mais bem sucedidas no pa\u00eds \u00e9 a <\/span><i><span style=\"font-weight: 400;\">S\u00e3o Paulo<\/span><\/i> <i><span style=\"font-weight: 400;\">Film Commission<\/span><\/i><span style=\"font-weight: 400;\">, criada em 2016, como estrutura da SPCine, e j\u00e1 conta com mais de 1000 produ\u00e7\u00f5es. Contudo, o\u00a0 maior exemplo de sucesso do pa\u00eds \u00e9 o retrato da hegemonia\u00a0 citada anteriormente: est\u00e1 localizada na regi\u00e3o Sudeste, que tamb\u00e9m \u00a0 abriga algumas das maiores emissoras de TV do Brasil, tais como Globo, Record, SBT e Bandeirantes.<\/span><\/p>\t\t\t\t\t\t\t\t<\/div>\n\t\t\t\t<\/div>\n\t\t\t\t\t<\/div>\n\t\t<\/div>\n\t\t\t\t\t<\/div>\n\t\t<\/section>\n\t\t\t\t<section class=\"elementor-section elementor-top-section elementor-element elementor-element-9e7eb5c elementor-section-boxed elementor-section-height-default elementor-section-height-default\" data-id=\"9e7eb5c\" data-element_type=\"section\" data-e-type=\"section\">\n\t\t\t\t\t\t<div class=\"elementor-container elementor-column-gap-default\">\n\t\t\t\t\t<div class=\"elementor-column elementor-col-100 elementor-top-column elementor-element elementor-element-3225d62\" data-id=\"3225d62\" data-element_type=\"column\" data-e-type=\"column\">\n\t\t\t<div class=\"elementor-widget-wrap elementor-element-populated\">\n\t\t\t\t\t\t<div class=\"elementor-element elementor-element-f050ceb elementor-widget elementor-widget-text-editor\" data-id=\"f050ceb\" data-element_type=\"widget\" data-e-type=\"widget\" data-widget_type=\"text-editor.default\">\n\t\t\t\t<div class=\"elementor-widget-container\">\n\t\t\t\t\t\t\t\t\t<p><span style=\"font-weight: 400;\">De acordo com o \u201cPlano de Diretrizes e Metas para o Audiovisual\u201d publicado em 2012 pela ANCINE, a meta para 2015 era de que existissem 30 escrit\u00f3rios de apoio \u00e0 produ\u00e7\u00e3o no pa\u00eds, por\u00e9m o n\u00famero aferido foi de apenas 9 novos grupos. Se observada a regi\u00e3o\u00a0 Nordeste, at\u00e9 2021 existiam tr\u00eas comiss\u00f5es efetivadas \u2013 Cear\u00e1 Filmes, Bahia <\/span><i><span style=\"font-weight: 400;\">Film Commission <\/span><\/i><span style=\"font-weight: 400;\">e Jo\u00e3o Pessoa <\/span><i><span style=\"font-weight: 400;\">Film Commission \u2013 <\/span><\/i><span style=\"font-weight: 400;\">e uma em desenvolvimento, institu\u00edda apenas em 2022, a Potiguar <\/span><i><span style=\"font-weight: 400;\">Film Commission.\u00a0<\/span><\/i><\/p>\t\t\t\t\t\t\t\t<\/div>\n\t\t\t\t<\/div>\n\t\t\t\t\t<\/div>\n\t\t<\/div>\n\t\t\t\t\t<\/div>\n\t\t<\/section>\n\t\t\t\t<section class=\"elementor-section elementor-top-section elementor-element elementor-element-f313f66 elementor-section-boxed elementor-section-height-default elementor-section-height-default\" data-id=\"f313f66\" data-element_type=\"section\" data-e-type=\"section\">\n\t\t\t\t\t\t<div class=\"elementor-container elementor-column-gap-default\">\n\t\t\t\t\t<div class=\"elementor-column elementor-col-100 elementor-top-column elementor-element elementor-element-750962e\" data-id=\"750962e\" data-element_type=\"column\" data-e-type=\"column\">\n\t\t\t<div class=\"elementor-widget-wrap elementor-element-populated\">\n\t\t\t\t\t\t<div class=\"elementor-element elementor-element-85a2880 elementor-widget elementor-widget-text-editor\" data-id=\"85a2880\" data-element_type=\"widget\" data-e-type=\"widget\" data-widget_type=\"text-editor.default\">\n\t\t\t\t<div class=\"elementor-widget-container\">\n\t\t\t\t\t\t\t\t\t<p><i><span style=\"font-weight: 400;\">No Rio Grande do Norte, a <\/span><\/i><a href=\"http:\/\/www.al.rn.gov.br\/storage\/legislacao\/2022\/fnm103izx13ey21543zoi7t20xcacp.pdf\"><i><span style=\"font-weight: 400;\">lei 12.214\/2022<\/span><\/i><\/a><i><span style=\"font-weight: 400;\">, de autoria da deputada estadual Isolda Dantas, foi sancionada pela governadora F\u00e1tima Bezerra em 2022 e abriu espa\u00e7o para a cria\u00e7\u00e3o das comiss\u00f5es municipais. Na cidade de Natal, a iniciativa foi da vereadora Brisa Bracchi (PT). <\/span><\/i><span style=\"font-weight: 400;\">Esse projeto tamb\u00e9m visa desburocratizar a\u00a0 atua\u00e7\u00e3o dos \u00f3rg\u00e3os p\u00fablicos,<\/span> <span style=\"font-weight: 400;\">de forma a garantir uma maior efic\u00e1cia na atra\u00e7\u00e3o e libera\u00e7\u00e3o de filmagens e loca\u00e7\u00f5es, bem como a participa\u00e7\u00e3o do estado em festivais nacionais e internacionais,\u00a0 o fomento para a cria\u00e7\u00e3o de <\/span><i><span style=\"font-weight: 400;\">Film Commissions<\/span><\/i><span style=\"font-weight: 400;\"> municipais, e outras diretrizes que trazem ao mercado regional o desenvolvimento pr\u00f3prio, a possibilidade de integra\u00e7\u00e3o nacional do audiovisual potiguar, gera\u00e7\u00e3o de empregos e participa\u00e7\u00e3o civil.\u00a0<\/span><\/p>\t\t\t\t\t\t\t\t<\/div>\n\t\t\t\t<\/div>\n\t\t\t\t\t<\/div>\n\t\t<\/div>\n\t\t\t\t\t<\/div>\n\t\t<\/section>\n\t\t\t\t<section class=\"elementor-section elementor-top-section elementor-element elementor-element-cec9a07 elementor-section-boxed elementor-section-height-default elementor-section-height-default\" data-id=\"cec9a07\" data-element_type=\"section\" data-e-type=\"section\">\n\t\t\t\t\t\t<div class=\"elementor-container elementor-column-gap-default\">\n\t\t\t\t\t<div class=\"elementor-column elementor-col-100 elementor-top-column elementor-element elementor-element-bf2e6be\" data-id=\"bf2e6be\" data-element_type=\"column\" data-e-type=\"column\">\n\t\t\t<div class=\"elementor-widget-wrap elementor-element-populated\">\n\t\t\t\t\t\t<div class=\"elementor-element elementor-element-1f8678d elementor-widget elementor-widget-text-editor\" data-id=\"1f8678d\" data-element_type=\"widget\" data-e-type=\"widget\" data-widget_type=\"text-editor.default\">\n\t\t\t\t<div class=\"elementor-widget-container\">\n\t\t\t\t\t\t\t\t\t<p><span style=\"font-weight: 400;\">Com isso, \u00e9\u00a0 preciso\u00a0 levar em conta que projetos como esse apresentam, al\u00e9m da difus\u00e3o e divulga\u00e7\u00e3o ampla dos produtos audiovisuais brasileiros, a inten\u00e7\u00e3o de mostrar o Brasil por completo ao mercado nacional e internacional, sendo um dos meios de garantir o processo de descentraliza\u00e7\u00e3o da produ\u00e7\u00e3o audiovisual no pa\u00eds.<\/span><\/p><p><span style=\"font-weight: 400;\">Vale lembrar que\u00a0 o<\/span><i><span style=\"font-weight: 400;\"> Film Commissions<\/span><\/i><span style=\"font-weight: 400;\"> s\u00e3o apoiados por pol\u00edticas p\u00fablicas culturais, mantidas atrav\u00e9s de recursos governamentais , e n\u00e3o possuem altos custos de manuten\u00e7\u00e3o, ao passo em que trazem\u00a0 um retorno financeiro que pode beneficiar tanto o\u00a0 Estado quanto\u00a0 a popula\u00e7\u00e3o. Desta forma,\u00a0 tamb\u00e9m \u00e9 essencial se discutir sobre a valoriza\u00e7\u00e3o\u00a0 que as <\/span><i><span style=\"font-weight: 400;\">Film Commissions<\/span><\/i><span style=\"font-weight: 400;\"> podem trazer para a regi\u00e3o Nordeste &#8211; que ainda \u00e9 prejudicada com a centraliza\u00e7\u00e3o das produ\u00e7\u00f5es no eixo Rio-S\u00e3o Paulo &#8211;\u00a0 pois possui\u00a0 um acervo audiovisual qualitativo em desenvolvimento, e tem atra\u00eddo cada vez mais destaque e crescimento mercadol\u00f3gico. <\/span><\/p>\t\t\t\t\t\t\t\t<\/div>\n\t\t\t\t<\/div>\n\t\t\t\t\t<\/div>\n\t\t<\/div>\n\t\t\t\t\t<\/div>\n\t\t<\/section>\n\t\t\t\t<section class=\"elementor-section elementor-top-section elementor-element elementor-element-af44f81 elementor-section-boxed elementor-section-height-default elementor-section-height-default\" data-id=\"af44f81\" data-element_type=\"section\" data-e-type=\"section\">\n\t\t\t\t\t\t<div class=\"elementor-container elementor-column-gap-default\">\n\t\t\t\t\t<div class=\"elementor-column elementor-col-100 elementor-top-column elementor-element elementor-element-a7bb7ed\" data-id=\"a7bb7ed\" data-element_type=\"column\" data-e-type=\"column\">\n\t\t\t<div class=\"elementor-widget-wrap elementor-element-populated\">\n\t\t\t\t\t\t<div class=\"elementor-element elementor-element-cac99a7 elementor-widget elementor-widget-text-editor\" data-id=\"cac99a7\" data-element_type=\"widget\" data-e-type=\"widget\" data-widget_type=\"text-editor.default\">\n\t\t\t\t<div class=\"elementor-widget-container\">\n\t\t\t\t\t\t\t\t\t<p><strong>*Mariana Eliazar \u00e9 estudante do curso de Comunica\u00e7\u00e3o Social &#8211; Audiovisual da Universidade Federal do Rio Grande do Norte. Este artigo foi elaborado como parte das atividades do componente curricular <i>Economia Pol\u00edtica do Audiovisual<\/i>, ministrado pela professora Janaine Aires, em 2023.1. E foi editado pela monitora Cec\u00edlia Melo, estudante de Jornalismo da mesma institui\u00e7\u00e3o.\u00a0<\/strong><\/p><p><span style=\"font-weight: 400;\">COMO CITAR: ELIAZAR, <\/span><span style=\"font-weight: 400;\">Mariana Salviano Resende. <\/span><i><span style=\"font-weight: 400;\">Film Comissions <\/span><\/i><span style=\"font-weight: 400;\">e sua influ\u00eancia no audiovisual brasileiro.<\/span><span style=\"font-weight: 400;\"> Observat\u00f3rio do Audiovisual Potiguar, 2023.\u00a0<\/span><\/p>\t\t\t\t\t\t\t\t<\/div>\n\t\t\t\t<\/div>\n\t\t\t\t\t<\/div>\n\t\t<\/div>\n\t\t\t\t\t<\/div>\n\t\t<\/section>\n\t\t\t\t<\/div>\n\t\t","protected":false},"excerpt":{"rendered":"<p>Film Commissions e sua Influ\u00eancia no audiovisual brasileiro Mariana Salviano Resende Eliazar&nbsp; O audiovisual nacional desempenha um papel&nbsp;&#8230;<\/p>\n","protected":false},"author":2,"featured_media":21871,"comment_status":"open","ping_status":"open","sticky":false,"template":"","format":"standard","meta":{"_acf_changed":false,"footnotes":""},"categories":[65],"tags":[],"class_list":["post-21868","post","type-post","status-publish","format-standard","has-post-thumbnail","hentry","category-analises"],"acf":[],"blog_post_layout_featured_media_urls":{"thumbnail":["https:\/\/opa.ufrn.br\/wp-content\/uploads\/2023\/10\/post-mariana-150x150.png",150,150,true],"full":["https:\/\/opa.ufrn.br\/wp-content\/uploads\/2023\/10\/post-mariana.png",600,600,false]},"categories_names":{"65":{"name":"An\u00e1lises","link":"https:\/\/opa.ufrn.br\/index.php\/category\/analises\/"}},"tags_names":[],"comments_number":"0","_links":{"self":[{"href":"https:\/\/opa.ufrn.br\/index.php\/wp-json\/wp\/v2\/posts\/21868","targetHints":{"allow":["GET"]}}],"collection":[{"href":"https:\/\/opa.ufrn.br\/index.php\/wp-json\/wp\/v2\/posts"}],"about":[{"href":"https:\/\/opa.ufrn.br\/index.php\/wp-json\/wp\/v2\/types\/post"}],"author":[{"embeddable":true,"href":"https:\/\/opa.ufrn.br\/index.php\/wp-json\/wp\/v2\/users\/2"}],"replies":[{"embeddable":true,"href":"https:\/\/opa.ufrn.br\/index.php\/wp-json\/wp\/v2\/comments?post=21868"}],"version-history":[{"count":3,"href":"https:\/\/opa.ufrn.br\/index.php\/wp-json\/wp\/v2\/posts\/21868\/revisions"}],"predecessor-version":[{"id":21872,"href":"https:\/\/opa.ufrn.br\/index.php\/wp-json\/wp\/v2\/posts\/21868\/revisions\/21872"}],"wp:featuredmedia":[{"embeddable":true,"href":"https:\/\/opa.ufrn.br\/index.php\/wp-json\/wp\/v2\/media\/21871"}],"wp:attachment":[{"href":"https:\/\/opa.ufrn.br\/index.php\/wp-json\/wp\/v2\/media?parent=21868"}],"wp:term":[{"taxonomy":"category","embeddable":true,"href":"https:\/\/opa.ufrn.br\/index.php\/wp-json\/wp\/v2\/categories?post=21868"},{"taxonomy":"post_tag","embeddable":true,"href":"https:\/\/opa.ufrn.br\/index.php\/wp-json\/wp\/v2\/tags?post=21868"}],"curies":[{"name":"wp","href":"https:\/\/api.w.org\/{rel}","templated":true}]}}