{"id":21278,"date":"2020-10-02T16:23:38","date_gmt":"2020-10-02T19:23:38","guid":{"rendered":"http:\/\/opa.ufrn.br\/?p=21278"},"modified":"2020-10-08T23:00:15","modified_gmt":"2020-10-09T02:00:15","slug":"aos-dias-de-luta","status":"publish","type":"post","link":"https:\/\/opa.ufrn.br\/index.php\/aos-dias-de-luta\/","title":{"rendered":"Aos dias de luta"},"content":{"rendered":"\t\t<div data-elementor-type=\"wp-post\" data-elementor-id=\"21278\" class=\"elementor elementor-21278\">\n\t\t\t\t\t\t<section class=\"elementor-section elementor-top-section elementor-element elementor-element-7343c935 elementor-section-boxed elementor-section-height-default elementor-section-height-default\" data-id=\"7343c935\" data-element_type=\"section\" data-e-type=\"section\">\n\t\t\t\t\t\t<div class=\"elementor-container elementor-column-gap-no\">\n\t\t\t\t\t<div class=\"elementor-column elementor-col-100 elementor-top-column elementor-element elementor-element-660cb45c\" data-id=\"660cb45c\" data-element_type=\"column\" data-e-type=\"column\">\n\t\t\t<div class=\"elementor-widget-wrap elementor-element-populated\">\n\t\t\t\t\t\t<section class=\"elementor-section elementor-inner-section elementor-element elementor-element-16016091 elementor-section-boxed elementor-section-height-default elementor-section-height-default\" data-id=\"16016091\" data-element_type=\"section\" data-e-type=\"section\">\n\t\t\t\t\t\t<div class=\"elementor-container elementor-column-gap-no\">\n\t\t\t\t\t<div class=\"elementor-column elementor-col-100 elementor-inner-column elementor-element elementor-element-25190687\" data-id=\"25190687\" data-element_type=\"column\" data-e-type=\"column\">\n\t\t\t<div class=\"elementor-widget-wrap\">\n\t\t\t\t\t\t\t<\/div>\n\t\t<\/div>\n\t\t\t\t\t<\/div>\n\t\t<\/section>\n\t\t\t\t<div class=\"elementor-element elementor-element-dc6d6b5 elementor-widget elementor-widget-heading\" data-id=\"dc6d6b5\" data-element_type=\"widget\" data-e-type=\"widget\" data-widget_type=\"heading.default\">\n\t\t\t\t<div class=\"elementor-widget-container\">\n\t\t\t\t\t<h2 class=\"elementor-heading-title elementor-size-default\">Aos dias de luta<\/h2>\t\t\t\t<\/div>\n\t\t\t\t<\/div>\n\t\t\t\t\t<\/div>\n\t\t<\/div>\n\t\t\t\t\t<\/div>\n\t\t<\/section>\n\t\t\t\t<section class=\"elementor-section elementor-top-section elementor-element elementor-element-c204f09 elementor-section-boxed elementor-section-height-default elementor-section-height-default\" data-id=\"c204f09\" data-element_type=\"section\" data-e-type=\"section\">\n\t\t\t\t\t\t<div class=\"elementor-container elementor-column-gap-default\">\n\t\t\t\t\t<div class=\"elementor-column elementor-col-33 elementor-top-column elementor-element elementor-element-58f0c89\" data-id=\"58f0c89\" data-element_type=\"column\" data-e-type=\"column\">\n\t\t\t<div class=\"elementor-widget-wrap elementor-element-populated\">\n\t\t\t\t\t\t<div class=\"elementor-element elementor-element-a5b40c1 elementor-absolute elementor-widget elementor-widget-image\" data-id=\"a5b40c1\" data-element_type=\"widget\" data-e-type=\"widget\" data-settings=\"{&quot;_position&quot;:&quot;absolute&quot;}\" data-widget_type=\"image.default\">\n\t\t\t\t<div class=\"elementor-widget-container\">\n\t\t\t\t\t\t\t\t\t\t\t\t\t\t\t<img fetchpriority=\"high\" decoding=\"async\" width=\"1280\" height=\"720\" src=\"https:\/\/opa.ufrn.br\/wp-content\/uploads\/2020\/10\/Aos-dias-de-luta.jpg\" class=\"attachment-full size-full wp-image-21286\" alt=\"\" srcset=\"https:\/\/opa.ufrn.br\/wp-content\/uploads\/2020\/10\/Aos-dias-de-luta.jpg 1280w, https:\/\/opa.ufrn.br\/wp-content\/uploads\/2020\/10\/Aos-dias-de-luta-300x169.jpg 300w, https:\/\/opa.ufrn.br\/wp-content\/uploads\/2020\/10\/Aos-dias-de-luta-1024x576.jpg 1024w, https:\/\/opa.ufrn.br\/wp-content\/uploads\/2020\/10\/Aos-dias-de-luta-768x432.jpg 768w\" sizes=\"(max-width: 1280px) 100vw, 1280px\" \/>\t\t\t\t\t\t\t\t\t\t\t\t\t\t\t<\/div>\n\t\t\t\t<\/div>\n\t\t\t\t\t<\/div>\n\t\t<\/div>\n\t\t\t\t<div class=\"elementor-column elementor-col-66 elementor-top-column elementor-element elementor-element-46bb8db\" data-id=\"46bb8db\" data-element_type=\"column\" data-e-type=\"column\">\n\t\t\t<div class=\"elementor-widget-wrap elementor-element-populated\">\n\t\t\t\t\t\t<div class=\"elementor-element elementor-element-9d24150 elementor-widget elementor-widget-text-editor\" data-id=\"9d24150\" data-element_type=\"widget\" data-e-type=\"widget\" data-widget_type=\"text-editor.default\">\n\t\t\t\t<div class=\"elementor-widget-container\">\n\t\t\t\t\t\t\t\t\t<h1 style=\"font-style: normal;\">&nbsp;<\/h1>\n<div style=\"font-family: Roboto, sans-serif; font-weight: 400; font-style: normal; font-size: 12.5px;\">\n<div style=\"font-size: 12.5px;\"><span style=\"font-size: 12.5px;\"><span style=\"font-family: Lato, sans-serif; font-weight: 600; font-size: 12.5px;\"><span style=\"font-size: 12.5px;\">CPB\/ROE:<\/span><\/span> SEM REGISTRO<\/span><br><span style=\"font-size: 12.5px;\"><span style=\"font-family: Lato, sans-serif; font-weight: 600; font-size: 12.5px;\"><span style=\"font-size: 12.5px;\">Diretor:<\/span><\/span> Rita Machado<\/span><\/div>\n<div style=\"font-size: 12.5px;\"><span style=\"font-family: Lato, sans-serif; font-weight: 600; font-size: 12.5px;\">Formato:<\/span> VIDEO-MINUTO<br><span style=\"font-family: Lato, sans-serif; font-weight: 600; font-size: 12.5px;\">Companhia(s) produtora(s):<\/span> FILMES DE MARTE E CASU FILMES<br><span style=\"font-size: 12.5px;\"><span style=\"font-family: Lato, sans-serif; font-weight: 600; font-size: 12.5px;\"><span style=\"font-size: 12.5px;\">Dura\u00e7\u00e3o: <\/span><\/span>1&#8242; <\/span>&nbsp;<span style=\"font-family: Lato, sans-serif; font-weight: 600; font-size: 12.5px;\"><span style=\"font-size: 12.5px;\">Ano: <\/span><\/span>2018<br><span style=\"font-size: 12.5px;\"><span style=\"font-family: Lato, sans-serif; font-weight: 600; font-size: 12.5px;\"><span style=\"font-size: 12.5px;\">Sinopse:<\/span><\/span> &#8220;Aos dias de luta&#8221; \u00e9 um filme que faz refletir a realidade da mulher em torno da romantiza\u00e7\u00e3o e representatividade do dia internacional das mulheres (oito de mar\u00e7o) , um dia que com a influ\u00eancia capitalista e social coloca a mulher em um papel de fragilidade e desmerece sua lutas di\u00e1rias. Segundo os dados do Anu\u00e1rio Brasileiro de Seguran\u00e7a P\u00fablica a cada 11 minutos uma mulher \u00e9 estrupada ou violentada no Brasil. Diante das estat\u00edsticas de viol\u00eancia e abuso sofridas cotidianamente, realmente h\u00e1 o que se comemorar? A luta das mulheres pela vida \u00e9 di\u00e1ria e n\u00e3o s\u00e3o flores!<\/span><\/div>\n<div>&nbsp;<\/div>\n<\/div>\n<div><span style=\"font-size: 12.5px;\"><b>Festivais:<\/b><\/span><\/div>\n<div>Trinca Audiovisual \u2013 Mostra itinerante de cinema potiguar 9\u00ba GOIAMUM AUDIOVISUAL<\/div>\n<div style=\"font-family: Roboto, sans-serif; font-weight: 400; font-style: normal; font-size: 12.5px;\">\n<div style=\"font-size: 12.5px;\">&nbsp;<\/div>\n<\/div>\n<div style=\"font-family: Roboto, sans-serif; font-style: normal; font-size: 12.5px;\">\n<div style=\"font-size: 12.5px;\">\n<div style=\"font-size: 12.5px;\"><span style=\"font-size: 12.5px;\"><b>Ficha T\u00e9cnica:<\/b><\/span><\/div>\n<div style=\"font-size: 12.5px;\">\n<div style=\"font-size: 12.5px;\">\n<div style=\"font-size: 12.5px;\">Um filme de Babi Freire e Rita Machado<\/div>\n<div style=\"font-size: 12.5px;\">Consultoria : Ianne Maria<\/div>\n<div style=\"font-size: 12.5px;\">Texto: Bruna Massud<\/div>\n<div style=\"font-size: 12.5px;\">Trilha: Ju\u00e7ara Mar\u00e7al<\/div>\n<\/div>\n<\/div>\n<\/div>\n<\/div>\t\t\t\t\t\t\t\t<\/div>\n\t\t\t\t<\/div>\n\t\t\t\t\t<\/div>\n\t\t<\/div>\n\t\t\t\t\t<\/div>\n\t\t<\/section>\n\t\t\t\t<section class=\"elementor-section elementor-top-section elementor-element elementor-element-ddedbab elementor-section-boxed elementor-section-height-default elementor-section-height-default\" data-id=\"ddedbab\" data-element_type=\"section\" data-e-type=\"section\">\n\t\t\t\t\t\t<div class=\"elementor-container elementor-column-gap-default\">\n\t\t\t\t\t<div class=\"elementor-column elementor-col-100 elementor-top-column elementor-element elementor-element-5a5cb32\" data-id=\"5a5cb32\" data-element_type=\"column\" data-e-type=\"column\">\n\t\t\t<div class=\"elementor-widget-wrap elementor-element-populated\">\n\t\t\t\t\t\t<div class=\"elementor-element elementor-element-70f917e elementor-widget elementor-widget-spacer\" data-id=\"70f917e\" data-element_type=\"widget\" data-e-type=\"widget\" data-widget_type=\"spacer.default\">\n\t\t\t\t<div class=\"elementor-widget-container\">\n\t\t\t\t\t\t\t<div class=\"elementor-spacer\">\n\t\t\t<div class=\"elementor-spacer-inner\"><\/div>\n\t\t<\/div>\n\t\t\t\t\t\t<\/div>\n\t\t\t\t<\/div>\n\t\t\t\t\t<\/div>\n\t\t<\/div>\n\t\t\t\t\t<\/div>\n\t\t<\/section>\n\t\t\t\t<section class=\"elementor-section elementor-top-section elementor-element elementor-element-e75f1d8 elementor-section-boxed elementor-section-height-default elementor-section-height-default\" data-id=\"e75f1d8\" data-element_type=\"section\" data-e-type=\"section\">\n\t\t\t\t\t\t<div class=\"elementor-container elementor-column-gap-default\">\n\t\t\t\t\t<div class=\"elementor-column elementor-col-100 elementor-top-column elementor-element elementor-element-6ddf779\" data-id=\"6ddf779\" data-element_type=\"column\" data-e-type=\"column\">\n\t\t\t<div class=\"elementor-widget-wrap elementor-element-populated\">\n\t\t\t\t\t\t<div class=\"elementor-element elementor-element-7111f6a elementor-widget elementor-widget-video\" data-id=\"7111f6a\" data-element_type=\"widget\" data-e-type=\"widget\" data-settings=\"{&quot;youtube_url&quot;:&quot;https:\\\/\\\/www.youtube.com\\\/watch?v=WU4hEwyF4aM&quot;,&quot;video_type&quot;:&quot;youtube&quot;,&quot;controls&quot;:&quot;yes&quot;}\" data-widget_type=\"video.default\">\n\t\t\t\t<div class=\"elementor-widget-container\">\n\t\t\t\t\t\t\t<div class=\"elementor-wrapper elementor-open-inline\">\n\t\t\t<div class=\"elementor-video\"><\/div>\t\t<\/div>\n\t\t\t\t\t\t<\/div>\n\t\t\t\t<\/div>\n\t\t\t\t\t<\/div>\n\t\t<\/div>\n\t\t\t\t\t<\/div>\n\t\t<\/section>\n\t\t\t\t<section class=\"elementor-section elementor-top-section elementor-element elementor-element-7ef204e elementor-section-boxed elementor-section-height-default elementor-section-height-default\" data-id=\"7ef204e\" data-element_type=\"section\" data-e-type=\"section\">\n\t\t\t\t\t\t<div class=\"elementor-container elementor-column-gap-default\">\n\t\t\t\t\t<div class=\"elementor-column elementor-col-100 elementor-top-column elementor-element elementor-element-7a17771\" data-id=\"7a17771\" data-element_type=\"column\" data-e-type=\"column\">\n\t\t\t<div class=\"elementor-widget-wrap elementor-element-populated\">\n\t\t\t\t\t\t<div class=\"elementor-element elementor-element-26b7de4 elementor-widget elementor-widget-spacer\" data-id=\"26b7de4\" data-element_type=\"widget\" data-e-type=\"widget\" data-widget_type=\"spacer.default\">\n\t\t\t\t<div class=\"elementor-widget-container\">\n\t\t\t\t\t\t\t<div class=\"elementor-spacer\">\n\t\t\t<div class=\"elementor-spacer-inner\"><\/div>\n\t\t<\/div>\n\t\t\t\t\t\t<\/div>\n\t\t\t\t<\/div>\n\t\t\t\t\t<\/div>\n\t\t<\/div>\n\t\t\t\t\t<\/div>\n\t\t<\/section>\n\t\t\t\t<\/div>\n\t\t","protected":false},"excerpt":{"rendered":"<p>\t\t\t\u201cAos dias de luta\u201d \u00e9 um filme que faz refletir a realidade da mulher em torno da romantiza\u00e7\u00e3o e representatividade do dia internacional das mulheres (oito de mar\u00e7o) , um dia que com a influ\u00eancia capitalista e social coloca a mulher em um papel de fragilidade e desmerece sua lutas di\u00e1rias. Segundo os dados do Anu\u00e1rio Brasileiro de Seguran\u00e7a P\u00fablica a cada 11 minutos uma mulher \u00e9 estrupada ou violentada no Brasil. Diante das estat\u00edsticas de viol\u00eancia e abuso sofridas cotidianamente, realmente h\u00e1 o que se comemorar? A luta das mulheres pela vida \u00e9 di\u00e1ria e n\u00e3o s\u00e3o flores!\t\t\t<\/p>\n","protected":false},"author":1,"featured_media":21286,"comment_status":"closed","ping_status":"closed","sticky":false,"template":"elementor_header_footer","format":"standard","meta":{"_acf_changed":false,"footnotes":""},"categories":[63],"tags":[],"class_list":["post-21278","post","type-post","status-publish","format-standard","has-post-thumbnail","hentry","category-videoarte"],"acf":[],"blog_post_layout_featured_media_urls":{"thumbnail":["https:\/\/opa.ufrn.br\/wp-content\/uploads\/2020\/10\/Aos-dias-de-luta-150x150.jpg",150,150,true],"full":["https:\/\/opa.ufrn.br\/wp-content\/uploads\/2020\/10\/Aos-dias-de-luta.jpg",1280,720,false]},"categories_names":{"63":{"name":"Videoarte","link":"https:\/\/opa.ufrn.br\/index.php\/category\/videoarte\/"}},"tags_names":[],"comments_number":"0","_links":{"self":[{"href":"https:\/\/opa.ufrn.br\/index.php\/wp-json\/wp\/v2\/posts\/21278","targetHints":{"allow":["GET"]}}],"collection":[{"href":"https:\/\/opa.ufrn.br\/index.php\/wp-json\/wp\/v2\/posts"}],"about":[{"href":"https:\/\/opa.ufrn.br\/index.php\/wp-json\/wp\/v2\/types\/post"}],"author":[{"embeddable":true,"href":"https:\/\/opa.ufrn.br\/index.php\/wp-json\/wp\/v2\/users\/1"}],"replies":[{"embeddable":true,"href":"https:\/\/opa.ufrn.br\/index.php\/wp-json\/wp\/v2\/comments?post=21278"}],"version-history":[{"count":13,"href":"https:\/\/opa.ufrn.br\/index.php\/wp-json\/wp\/v2\/posts\/21278\/revisions"}],"predecessor-version":[{"id":21417,"href":"https:\/\/opa.ufrn.br\/index.php\/wp-json\/wp\/v2\/posts\/21278\/revisions\/21417"}],"wp:featuredmedia":[{"embeddable":true,"href":"https:\/\/opa.ufrn.br\/index.php\/wp-json\/wp\/v2\/media\/21286"}],"wp:attachment":[{"href":"https:\/\/opa.ufrn.br\/index.php\/wp-json\/wp\/v2\/media?parent=21278"}],"wp:term":[{"taxonomy":"category","embeddable":true,"href":"https:\/\/opa.ufrn.br\/index.php\/wp-json\/wp\/v2\/categories?post=21278"},{"taxonomy":"post_tag","embeddable":true,"href":"https:\/\/opa.ufrn.br\/index.php\/wp-json\/wp\/v2\/tags?post=21278"}],"curies":[{"name":"wp","href":"https:\/\/api.w.org\/{rel}","templated":true}]}}