{"id":20857,"date":"2020-09-02T01:19:04","date_gmt":"2020-09-02T04:19:04","guid":{"rendered":"http:\/\/opa.ufrn.br\/?p=20857"},"modified":"2020-09-02T01:22:57","modified_gmt":"2020-09-02T04:22:57","slug":"o-menino-do-dente-de-ouro","status":"publish","type":"post","link":"https:\/\/opa.ufrn.br\/index.php\/o-menino-do-dente-de-ouro\/","title":{"rendered":"O menino do dente de ouro"},"content":{"rendered":"\t\t<div data-elementor-type=\"wp-post\" data-elementor-id=\"20857\" class=\"elementor elementor-20857\">\n\t\t\t\t\t\t<section class=\"elementor-section elementor-top-section elementor-element elementor-element-7343c935 elementor-section-boxed elementor-section-height-default elementor-section-height-default\" data-id=\"7343c935\" data-element_type=\"section\" data-e-type=\"section\">\n\t\t\t\t\t\t<div class=\"elementor-container elementor-column-gap-no\">\n\t\t\t\t\t<div class=\"elementor-column elementor-col-100 elementor-top-column elementor-element elementor-element-660cb45c\" data-id=\"660cb45c\" data-element_type=\"column\" data-e-type=\"column\">\n\t\t\t<div class=\"elementor-widget-wrap elementor-element-populated\">\n\t\t\t\t\t\t<section class=\"elementor-section elementor-inner-section elementor-element elementor-element-16016091 elementor-section-boxed elementor-section-height-default elementor-section-height-default\" data-id=\"16016091\" data-element_type=\"section\" data-e-type=\"section\">\n\t\t\t\t\t\t<div class=\"elementor-container elementor-column-gap-no\">\n\t\t\t\t\t<div class=\"elementor-column elementor-col-100 elementor-inner-column elementor-element elementor-element-25190687\" data-id=\"25190687\" data-element_type=\"column\" data-e-type=\"column\">\n\t\t\t<div class=\"elementor-widget-wrap\">\n\t\t\t\t\t\t\t<\/div>\n\t\t<\/div>\n\t\t\t\t\t<\/div>\n\t\t<\/section>\n\t\t\t\t<div class=\"elementor-element elementor-element-dc6d6b5 elementor-widget elementor-widget-heading\" data-id=\"dc6d6b5\" data-element_type=\"widget\" data-e-type=\"widget\" data-widget_type=\"heading.default\">\n\t\t\t\t<div class=\"elementor-widget-container\">\n\t\t\t\t\t<h2 class=\"elementor-heading-title elementor-size-default\">O menino do dente de ouro<\/h2>\t\t\t\t<\/div>\n\t\t\t\t<\/div>\n\t\t\t\t\t<\/div>\n\t\t<\/div>\n\t\t\t\t\t<\/div>\n\t\t<\/section>\n\t\t\t\t<section class=\"elementor-section elementor-top-section elementor-element elementor-element-c204f09 elementor-section-boxed elementor-section-height-default elementor-section-height-default\" data-id=\"c204f09\" data-element_type=\"section\" data-e-type=\"section\">\n\t\t\t\t\t\t<div class=\"elementor-container elementor-column-gap-default\">\n\t\t\t\t\t<div class=\"elementor-column elementor-col-33 elementor-top-column elementor-element elementor-element-58f0c89\" data-id=\"58f0c89\" data-element_type=\"column\" data-e-type=\"column\">\n\t\t\t<div class=\"elementor-widget-wrap elementor-element-populated\">\n\t\t\t\t\t\t<div class=\"elementor-element elementor-element-a5b40c1 elementor-absolute elementor-widget elementor-widget-image\" data-id=\"a5b40c1\" data-element_type=\"widget\" data-e-type=\"widget\" data-settings=\"{&quot;_position&quot;:&quot;absolute&quot;}\" data-widget_type=\"image.default\">\n\t\t\t\t<div class=\"elementor-widget-container\">\n\t\t\t\t\t\t\t\t\t\t\t\t\t\t\t<img fetchpriority=\"high\" decoding=\"async\" width=\"960\" height=\"1440\" src=\"https:\/\/opa.ufrn.br\/wp-content\/uploads\/2020\/09\/O-menino-do-dente-de-ouro.jpg\" class=\"attachment-full size-full wp-image-20858\" alt=\"\" srcset=\"https:\/\/opa.ufrn.br\/wp-content\/uploads\/2020\/09\/O-menino-do-dente-de-ouro.jpg 960w, https:\/\/opa.ufrn.br\/wp-content\/uploads\/2020\/09\/O-menino-do-dente-de-ouro-200x300.jpg 200w, https:\/\/opa.ufrn.br\/wp-content\/uploads\/2020\/09\/O-menino-do-dente-de-ouro-683x1024.jpg 683w, https:\/\/opa.ufrn.br\/wp-content\/uploads\/2020\/09\/O-menino-do-dente-de-ouro-768x1152.jpg 768w\" sizes=\"(max-width: 960px) 100vw, 960px\" \/>\t\t\t\t\t\t\t\t\t\t\t\t\t\t\t<\/div>\n\t\t\t\t<\/div>\n\t\t\t\t\t<\/div>\n\t\t<\/div>\n\t\t\t\t<div class=\"elementor-column elementor-col-66 elementor-top-column elementor-element elementor-element-46bb8db\" data-id=\"46bb8db\" data-element_type=\"column\" data-e-type=\"column\">\n\t\t\t<div class=\"elementor-widget-wrap elementor-element-populated\">\n\t\t\t\t\t\t<div class=\"elementor-element elementor-element-9d24150 elementor-widget elementor-widget-text-editor\" data-id=\"9d24150\" data-element_type=\"widget\" data-e-type=\"widget\" data-widget_type=\"text-editor.default\">\n\t\t\t\t<div class=\"elementor-widget-container\">\n\t\t\t\t\t\t\t\t\t<h1 style=\"font-style: normal;\">\u00a0<\/h1><div class=\"profile clearfix\" style=\"font-family: Roboto, sans-serif; font-weight: 400; font-style: normal; font-size: 12.5px;\"><div id=\"pnFilmeCorpo\" style=\"font-size: 12.5px;\"><span id=\"mainContent_movieProfile_infoSubGenero_wrapSpan\" style=\"font-size: 12.5px;\"><span style=\"font-family: Lato, sans-serif; font-weight: 600; font-size: 12.5px;\"><span id=\"mainContent_movieProfile_infoSubGenero_lblInfo\" style=\"font-size: 12.5px;\">CPB\/ROE:<\/span><\/span> B1500930600000<\/span><br \/><span id=\"mainContent_movieProfile_infoDirector_wrapSpan\" style=\"font-size: 12.5px;\"><span style=\"font-family: Lato, sans-serif; font-weight: 600; font-size: 12.5px;\"><span id=\"mainContent_movieProfile_infoDirector_lblInfo\" style=\"font-size: 12.5px;\">Diretor:<\/span><\/span> Rodrigo Sena<\/span><\/div><div style=\"font-size: 12.5px;\"><span style=\"font-family: Lato, sans-serif; font-weight: 600; font-size: 12.5px;\">Formato:<\/span> CURTA<br \/><span style=\"font-family: Lato, sans-serif; font-weight: 600; font-size: 12.5px;\">Companhia(s) produtora(s):<\/span> Ori AUDIOVISUAL <br \/><span id=\"mainContent_movieProfile_infoLength_wrapSpan\" style=\"font-size: 12.5px;\"><span style=\"font-family: Lato, sans-serif; font-weight: 600; font-size: 12.5px;\"><span id=\"mainContent_movieProfile_infoLength_lblInfo\" style=\"font-size: 12.5px;\">Dura\u00e7\u00e3o:<\/span><\/span> <\/span>14&#8217;40&#8221; \u00a0<span style=\"font-family: Lato, sans-serif; font-weight: 600; font-size: 12.5px;\"><span id=\"mainContent_movieProfile_infoYear_lblInfo\" style=\"font-size: 12.5px;\">Ano:<\/span>\u00a0<\/span>2014<br \/><span id=\"mainContent_movieProfile_infoSinopsis_wrapSpan\" style=\"font-size: 12.5px;\"><span style=\"font-family: Lato, sans-serif; font-weight: 600; font-size: 12.5px;\"><span id=\"mainContent_movieProfile_infoSinopsis_lblInfo\" style=\"font-size: 12.5px;\">Sinopse:<\/span><\/span> O curta-metragem conta a hist\u00f3ria de Wesley, 12 anos, que na ida para o col\u00e9gio acaba se envolvendo em uma trama perigosa e lucrativa.<\/span><\/div><div style=\"font-size: 12.5px;\">\u00a0<\/div><\/div><div id=\"mainContent_castWrap_Panel2\" class=\"movie_item clearfix\" style=\"font-family: Roboto, sans-serif; font-style: normal; font-size: 12.5px;\"><div id=\"mainContent_castWrap_extraInfo_CollapsiblePanel\" class=\"box-fixed\" style=\"font-size: 12.5px;\"><div id=\"mainContent_castWrap_extraInfo_Top\" class=\"title2 clearfix rounded-top\" style=\"font-size: 12.5px;\"><span id=\"mainContent_castWrap_extraInfo_lblTitle\" style=\"font-size: 12.5px;\"><b>Ficha T\u00e9cnica:<\/b><\/span><\/div><div id=\"\" class=\"\" style=\"font-size: 12.5px;\"><div id=\"mainContent_castWrap_extraInfo_collapsibleContent\" style=\"font-size: 12.5px;\"><div id=\"mainContent_castWrap_extraInfo_Content\" style=\"font-size: 12.5px;\">Dire\u00e7\u00e3o: Rodrigo Sena Roteiro: Rodrigo Sena Edi\u00e7\u00e3o: Rodrigo Fernandes Cinematografia: J\u00falio Castro Elenco: Priscilla Vilela, Douglas Santos, Renato Oliveira, Davi Allyson<\/div><\/div><\/div><\/div><\/div>\t\t\t\t\t\t\t\t<\/div>\n\t\t\t\t<\/div>\n\t\t\t\t\t<\/div>\n\t\t<\/div>\n\t\t\t\t\t<\/div>\n\t\t<\/section>\n\t\t\t\t<section class=\"elementor-section elementor-top-section elementor-element elementor-element-ddedbab elementor-section-boxed elementor-section-height-default elementor-section-height-default\" data-id=\"ddedbab\" data-element_type=\"section\" data-e-type=\"section\">\n\t\t\t\t\t\t<div class=\"elementor-container elementor-column-gap-default\">\n\t\t\t\t\t<div class=\"elementor-column elementor-col-100 elementor-top-column elementor-element elementor-element-5a5cb32\" data-id=\"5a5cb32\" data-element_type=\"column\" data-e-type=\"column\">\n\t\t\t<div class=\"elementor-widget-wrap elementor-element-populated\">\n\t\t\t\t\t\t<div class=\"elementor-element elementor-element-70f917e elementor-widget elementor-widget-spacer\" data-id=\"70f917e\" data-element_type=\"widget\" data-e-type=\"widget\" data-widget_type=\"spacer.default\">\n\t\t\t\t<div class=\"elementor-widget-container\">\n\t\t\t\t\t\t\t<div class=\"elementor-spacer\">\n\t\t\t<div class=\"elementor-spacer-inner\"><\/div>\n\t\t<\/div>\n\t\t\t\t\t\t<\/div>\n\t\t\t\t<\/div>\n\t\t\t\t\t<\/div>\n\t\t<\/div>\n\t\t\t\t\t<\/div>\n\t\t<\/section>\n\t\t\t\t<section class=\"elementor-section elementor-top-section elementor-element elementor-element-a1b5e08 elementor-section-boxed elementor-section-height-default elementor-section-height-default\" data-id=\"a1b5e08\" data-element_type=\"section\" data-e-type=\"section\">\n\t\t\t\t\t\t<div class=\"elementor-container elementor-column-gap-default\">\n\t\t\t\t\t<div class=\"elementor-column elementor-col-100 elementor-top-column elementor-element elementor-element-943b416\" data-id=\"943b416\" data-element_type=\"column\" data-e-type=\"column\">\n\t\t\t<div class=\"elementor-widget-wrap elementor-element-populated\">\n\t\t\t\t\t\t<div class=\"elementor-element elementor-element-2465622 elementor-widget elementor-widget-spacer\" data-id=\"2465622\" data-element_type=\"widget\" data-e-type=\"widget\" data-widget_type=\"spacer.default\">\n\t\t\t\t<div class=\"elementor-widget-container\">\n\t\t\t\t\t\t\t<div class=\"elementor-spacer\">\n\t\t\t<div class=\"elementor-spacer-inner\"><\/div>\n\t\t<\/div>\n\t\t\t\t\t\t<\/div>\n\t\t\t\t<\/div>\n\t\t\t\t\t<\/div>\n\t\t<\/div>\n\t\t\t\t\t<\/div>\n\t\t<\/section>\n\t\t\t\t<\/div>\n\t\t","protected":false},"excerpt":{"rendered":"<p>O menino do dente de ouro \u00a0 CPB\/ROE: B1500930600000Diretor: Rodrigo SenaFormato: CURTACompanhia(s) produtora(s): Ori AUDIOVISUAL Dura\u00e7\u00e3o: 14&#8217;40&#8221; \u00a0Ano:\u00a02014Sinopse:&#8230;<\/p>\n","protected":false},"author":1,"featured_media":20858,"comment_status":"closed","ping_status":"closed","sticky":false,"template":"elementor_header_footer","format":"standard","meta":{"_acf_changed":false,"footnotes":""},"categories":[17],"tags":[],"class_list":["post-20857","post","type-post","status-publish","format-standard","has-post-thumbnail","hentry","category-social"],"acf":[],"blog_post_layout_featured_media_urls":{"thumbnail":["https:\/\/opa.ufrn.br\/wp-content\/uploads\/2020\/09\/O-menino-do-dente-de-ouro-150x150.jpg",150,150,true],"full":["https:\/\/opa.ufrn.br\/wp-content\/uploads\/2020\/09\/O-menino-do-dente-de-ouro.jpg",960,1440,false]},"categories_names":{"17":{"name":"Fic\u00e7\u00e3o","link":"https:\/\/opa.ufrn.br\/index.php\/category\/social\/"}},"tags_names":[],"comments_number":"0","_links":{"self":[{"href":"https:\/\/opa.ufrn.br\/index.php\/wp-json\/wp\/v2\/posts\/20857","targetHints":{"allow":["GET"]}}],"collection":[{"href":"https:\/\/opa.ufrn.br\/index.php\/wp-json\/wp\/v2\/posts"}],"about":[{"href":"https:\/\/opa.ufrn.br\/index.php\/wp-json\/wp\/v2\/types\/post"}],"author":[{"embeddable":true,"href":"https:\/\/opa.ufrn.br\/index.php\/wp-json\/wp\/v2\/users\/1"}],"replies":[{"embeddable":true,"href":"https:\/\/opa.ufrn.br\/index.php\/wp-json\/wp\/v2\/comments?post=20857"}],"version-history":[{"count":4,"href":"https:\/\/opa.ufrn.br\/index.php\/wp-json\/wp\/v2\/posts\/20857\/revisions"}],"predecessor-version":[{"id":20862,"href":"https:\/\/opa.ufrn.br\/index.php\/wp-json\/wp\/v2\/posts\/20857\/revisions\/20862"}],"wp:featuredmedia":[{"embeddable":true,"href":"https:\/\/opa.ufrn.br\/index.php\/wp-json\/wp\/v2\/media\/20858"}],"wp:attachment":[{"href":"https:\/\/opa.ufrn.br\/index.php\/wp-json\/wp\/v2\/media?parent=20857"}],"wp:term":[{"taxonomy":"category","embeddable":true,"href":"https:\/\/opa.ufrn.br\/index.php\/wp-json\/wp\/v2\/categories?post=20857"},{"taxonomy":"post_tag","embeddable":true,"href":"https:\/\/opa.ufrn.br\/index.php\/wp-json\/wp\/v2\/tags?post=20857"}],"curies":[{"name":"wp","href":"https:\/\/api.w.org\/{rel}","templated":true}]}}