{"id":20847,"date":"2020-09-02T01:07:10","date_gmt":"2020-09-02T04:07:10","guid":{"rendered":"http:\/\/opa.ufrn.br\/?p=20847"},"modified":"2020-09-02T01:09:32","modified_gmt":"2020-09-02T04:09:32","slug":"janaina-colorida-feito-o-ceu","status":"publish","type":"post","link":"https:\/\/opa.ufrn.br\/index.php\/janaina-colorida-feito-o-ceu\/","title":{"rendered":"Jana\u00edna Colorida Feito o C\u00e9u"},"content":{"rendered":"\t\t<div data-elementor-type=\"wp-post\" data-elementor-id=\"20847\" class=\"elementor elementor-20847\">\n\t\t\t\t\t\t<section class=\"elementor-section elementor-top-section elementor-element elementor-element-7343c935 elementor-section-boxed elementor-section-height-default elementor-section-height-default\" data-id=\"7343c935\" data-element_type=\"section\" data-e-type=\"section\">\n\t\t\t\t\t\t<div class=\"elementor-container elementor-column-gap-no\">\n\t\t\t\t\t<div class=\"elementor-column elementor-col-100 elementor-top-column elementor-element elementor-element-660cb45c\" data-id=\"660cb45c\" data-element_type=\"column\" data-e-type=\"column\">\n\t\t\t<div class=\"elementor-widget-wrap elementor-element-populated\">\n\t\t\t\t\t\t<section class=\"elementor-section elementor-inner-section elementor-element elementor-element-16016091 elementor-section-boxed elementor-section-height-default elementor-section-height-default\" data-id=\"16016091\" data-element_type=\"section\" data-e-type=\"section\">\n\t\t\t\t\t\t<div class=\"elementor-container elementor-column-gap-no\">\n\t\t\t\t\t<div class=\"elementor-column elementor-col-100 elementor-inner-column elementor-element elementor-element-25190687\" data-id=\"25190687\" data-element_type=\"column\" data-e-type=\"column\">\n\t\t\t<div class=\"elementor-widget-wrap\">\n\t\t\t\t\t\t\t<\/div>\n\t\t<\/div>\n\t\t\t\t\t<\/div>\n\t\t<\/section>\n\t\t\t\t<div class=\"elementor-element elementor-element-dc6d6b5 elementor-widget elementor-widget-heading\" data-id=\"dc6d6b5\" data-element_type=\"widget\" data-e-type=\"widget\" data-widget_type=\"heading.default\">\n\t\t\t\t<div class=\"elementor-widget-container\">\n\t\t\t\t\t<h2 class=\"elementor-heading-title elementor-size-default\">Jana\u00edna Colorida Feito o C\u00e9u<\/h2>\t\t\t\t<\/div>\n\t\t\t\t<\/div>\n\t\t\t\t\t<\/div>\n\t\t<\/div>\n\t\t\t\t\t<\/div>\n\t\t<\/section>\n\t\t\t\t<section class=\"elementor-section elementor-top-section elementor-element elementor-element-c204f09 elementor-section-boxed elementor-section-height-default elementor-section-height-default\" data-id=\"c204f09\" data-element_type=\"section\" data-e-type=\"section\">\n\t\t\t\t\t\t<div class=\"elementor-container elementor-column-gap-default\">\n\t\t\t\t\t<div class=\"elementor-column elementor-col-33 elementor-top-column elementor-element elementor-element-58f0c89\" data-id=\"58f0c89\" data-element_type=\"column\" data-e-type=\"column\">\n\t\t\t<div class=\"elementor-widget-wrap elementor-element-populated\">\n\t\t\t\t\t\t<div class=\"elementor-element elementor-element-a5b40c1 elementor-absolute elementor-widget elementor-widget-image\" data-id=\"a5b40c1\" data-element_type=\"widget\" data-e-type=\"widget\" data-settings=\"{&quot;_position&quot;:&quot;absolute&quot;}\" data-widget_type=\"image.default\">\n\t\t\t\t<div class=\"elementor-widget-container\">\n\t\t\t\t\t\t\t\t\t\t\t\t\t\t\t<img fetchpriority=\"high\" decoding=\"async\" width=\"860\" height=\"1209\" src=\"https:\/\/opa.ufrn.br\/wp-content\/uploads\/2020\/09\/JANAINA-COLORIDA-FEITO-O-CEU.png\" class=\"attachment-full size-full wp-image-20849\" alt=\"\" srcset=\"https:\/\/opa.ufrn.br\/wp-content\/uploads\/2020\/09\/JANAINA-COLORIDA-FEITO-O-CEU.png 860w, https:\/\/opa.ufrn.br\/wp-content\/uploads\/2020\/09\/JANAINA-COLORIDA-FEITO-O-CEU-213x300.png 213w, https:\/\/opa.ufrn.br\/wp-content\/uploads\/2020\/09\/JANAINA-COLORIDA-FEITO-O-CEU-728x1024.png 728w, https:\/\/opa.ufrn.br\/wp-content\/uploads\/2020\/09\/JANAINA-COLORIDA-FEITO-O-CEU-768x1080.png 768w\" sizes=\"(max-width: 860px) 100vw, 860px\" \/>\t\t\t\t\t\t\t\t\t\t\t\t\t\t\t<\/div>\n\t\t\t\t<\/div>\n\t\t\t\t\t<\/div>\n\t\t<\/div>\n\t\t\t\t<div class=\"elementor-column elementor-col-66 elementor-top-column elementor-element elementor-element-46bb8db\" data-id=\"46bb8db\" data-element_type=\"column\" data-e-type=\"column\">\n\t\t\t<div class=\"elementor-widget-wrap elementor-element-populated\">\n\t\t\t\t\t\t<div class=\"elementor-element elementor-element-9d24150 elementor-widget elementor-widget-text-editor\" data-id=\"9d24150\" data-element_type=\"widget\" data-e-type=\"widget\" data-widget_type=\"text-editor.default\">\n\t\t\t\t<div class=\"elementor-widget-container\">\n\t\t\t\t\t\t\t\t\t<h1 style=\"font-style: normal;\">\u00a0<\/h1><div class=\"profile clearfix\" style=\"font-family: Roboto, sans-serif; font-weight: 400; font-style: normal; font-size: 12.5px;\"><div id=\"pnFilmeCorpo\" style=\"font-size: 12.5px;\"><span id=\"mainContent_movieProfile_infoSubGenero_wrapSpan\" style=\"font-size: 12.5px;\"><span style=\"font-family: Lato, sans-serif; font-weight: 600; font-size: 12.5px;\"><span id=\"mainContent_movieProfile_infoSubGenero_lblInfo\" style=\"font-size: 12.5px;\">CPB\/ROE:<\/span><\/span> B1600363600000<\/span><br \/><span id=\"mainContent_movieProfile_infoDirector_wrapSpan\" style=\"font-size: 12.5px;\"><span style=\"font-family: Lato, sans-serif; font-weight: 600; font-size: 12.5px;\"><span id=\"mainContent_movieProfile_infoDirector_lblInfo\" style=\"font-size: 12.5px;\">Diretor:<\/span><\/span> Babi Baracho<\/span><\/div><div style=\"font-size: 12.5px;\"><span style=\"font-family: Lato, sans-serif; font-weight: 600; font-size: 12.5px;\">Formato:<\/span> CURTA<br \/><span style=\"font-family: Lato, sans-serif; font-weight: 600; font-size: 12.5px;\">Companhia(s) produtora(s):<\/span> CABOR\u00c9 PRODUTORES ASSOCIADOS<br \/><span id=\"mainContent_movieProfile_infoLength_wrapSpan\" style=\"font-size: 12.5px;\"><span style=\"font-family: Lato, sans-serif; font-weight: 600; font-size: 12.5px;\"><span id=\"mainContent_movieProfile_infoLength_lblInfo\" style=\"font-size: 12.5px;\">Dura\u00e7\u00e3o: <\/span><\/span>15&#8217;26&#8221;<\/span>\u00a0\u00a0<span style=\"font-family: Lato, sans-serif; font-weight: 600; font-size: 12.5px;\"><span id=\"mainContent_movieProfile_infoYear_lblInfo\" style=\"font-size: 12.5px;\">Ano:<\/span><\/span>2014<br \/><span id=\"mainContent_movieProfile_infoSinopsis_wrapSpan\" style=\"font-size: 12.5px;\"><span style=\"font-family: Lato, sans-serif; font-weight: 600; font-size: 12.5px;\"><span id=\"mainContent_movieProfile_infoSinopsis_lblInfo\" style=\"font-size: 12.5px;\">Sinopse:<\/span><\/span> E se voc\u00ea acordasse em um banheiro p\u00fablico e n\u00e3o soubesse nada a seu pr\u00f3prio respeito? Jana\u00edna Colorida Feito o C\u00e9u narra um dia na vida da protagonista que, apesar de n\u00e3o saber seu nome, mant\u00e9m uma serenidade arrebatadora diante da condi\u00e7\u00e3o em que se encontra e das situa\u00e7\u00f5es de risco que se coloca.<\/span><\/div><div>\u00a0<\/div><\/div><div><span id=\"mainContent_castWrap_extraInfo_lblTitle\" style=\"font-size: 12.5px;\"><b>Festivais:<\/b><\/span><\/div><div>Mostra Livre de Cinema 2014 (SP) Cine Curtas Lapa (RJ) 2014 \u2013 MELHOR FOTOGRAFIA Cine Urge 2014 (PR) Mostra de Cinema de Gostoso 2014 (RN) Festival de Cinema OnLine Mostra Curta Audiovisual (SP) Festival de Cine de la Mujer Marialionza (Venezuela) Mostra de Cinema e Poesia \u2013 #TravessiaPo\u00e9tica (RN) Ver Cine (RJ) II Festival O Cubo de Cinema (RJ) \u2013 MEN\u00c7\u00c3O HONROSA Cine Rua Se7te (ES) Goiamum Audiovisual (RN) II Mostra Cine CCSA \u2013 Ciclo de Cinema Social Aplicado (RN) Figueira Film Art (Portugal) Am\u00e9rica Latina no Cinema (RN) FI CI \u2013 Festival Int. de Cinema Independente (Timor Leste)- MELHOR EDI\u00c7\u00c3O Curta \u2013 SE (SE) \u2013 Trailer Festival Transterritorial de Cine Underground (Argentina) 5\u00ba Sercine (SE) Mostra Potiguar de Audiovisual no Rio (RJ) 7ma Muestra de Cine Iberoamericano (Nicaragua) Cine Under Salvador (BA) FICCA \u2013 Festival Int. de Cinema do Caet\u00e9 (PA) \u2013 Pr\u00eamio IMAGEM-MOVIMENTO (ROTEIRO, DIRE\u00c7\u00c3O, EDI\u00c7\u00c3O E TRILHA SONORA) 1\u00ba Cine Vaca de Curtas (RS) DiversaS \u2013 Mostra Feminista de Arte e Resist\u00eancia (BH) 3\u00ba Curta Picu\u00ed (PB) Mostra das Minas (SP) Curta \u2013 SE 16 (SE) 1\u00ba Cine Tamboio (RJ) \u2013 MELHOR FILME DE FIC\u00c7\u00c3O Festival Amonati (RN) Cartas ao Mund\u00e3o Projeto Empodera (SP) Mostra Sesc estadual (RN) 12\u00ba Comunicurtas (PB) Psicod\u00e1lia 2018 (SC)<\/div><div class=\"profile clearfix\" style=\"font-family: Roboto, sans-serif; font-weight: 400; font-style: normal; font-size: 12.5px;\"><div style=\"font-size: 12.5px;\">\u00a0<\/div><\/div><div id=\"mainContent_castWrap_Panel2\" class=\"movie_item clearfix\" style=\"font-family: Roboto, sans-serif; font-style: normal; font-size: 12.5px;\"><div id=\"mainContent_castWrap_extraInfo_CollapsiblePanel\" class=\"box-fixed\" style=\"font-size: 12.5px;\"><div id=\"mainContent_castWrap_extraInfo_Top\" class=\"title2 clearfix rounded-top\" style=\"font-size: 12.5px;\"><span id=\"mainContent_castWrap_extraInfo_lblTitle\" style=\"font-size: 12.5px;\"><b>Ficha T\u00e9cnica:<\/b><\/span><\/div><div id=\"\" class=\"\" style=\"font-size: 12.5px;\"><div id=\"mainContent_castWrap_extraInfo_collapsibleContent\" style=\"font-size: 12.5px;\"><div id=\"mainContent_castWrap_extraInfo_Content\" style=\"font-size: 12.5px;\">Roteiro: Andr\u00e9 Santos, Babi Baracho e Johann Jean Dire\u00e7\u00e3o: Babi Baracho Assist. de Dire\u00e7\u00e3o: Andr\u00e9 Santos Prepara\u00e7\u00e3o de Elenco: M\u00e1rcia Lohss Produ\u00e7\u00e3o: D\u00e9bora Medeiros Assist. de Produ\u00e7\u00e3o: Larissa Sales e Diana Coelho Dire\u00e7\u00e3o de Fotografia: Johann Jean Assist. de Fotografia: J\u00falio Shwantz Continu\u00edsta: Moniky Rodrigues Dire\u00e7\u00e3o de Arte: Babi Baracho Making Of e Still: Ernani Silveira Som Direto e Mixagem: Ricardo Felix Trilha Sonora: Walter Naz\u00e1rio Elenco Principal: Carol Pi\u00f1eiro e Dudu Galv\u00e3o Elenco de Secund\u00e1rio: Marcos da C\u00e2mara, Enio Cavalcante e Gugu. Dire\u00e7\u00e3o de Plat\u00f4: Davis Nascimento Assist. de Plat\u00f4 e Maquin\u00e1ria: Camila Natasha, Fred Silveira e Victor Rodrigues Montagem e Finaliza\u00e7\u00e3o: Johann Jean Designer: Cerva \u2013 Design e Rock Tradu\u00e7\u00e3o (Ingl\u00eas): Andr\u00e9 Santos Legendagem: Babi Baracho<\/div><\/div><\/div><\/div><\/div>\t\t\t\t\t\t\t\t<\/div>\n\t\t\t\t<\/div>\n\t\t\t\t\t<\/div>\n\t\t<\/div>\n\t\t\t\t\t<\/div>\n\t\t<\/section>\n\t\t\t\t<section class=\"elementor-section elementor-top-section elementor-element elementor-element-ddedbab elementor-section-boxed elementor-section-height-default elementor-section-height-default\" data-id=\"ddedbab\" data-element_type=\"section\" data-e-type=\"section\">\n\t\t\t\t\t\t<div class=\"elementor-container elementor-column-gap-default\">\n\t\t\t\t\t<div class=\"elementor-column elementor-col-100 elementor-top-column elementor-element elementor-element-5a5cb32\" data-id=\"5a5cb32\" data-element_type=\"column\" data-e-type=\"column\">\n\t\t\t<div class=\"elementor-widget-wrap elementor-element-populated\">\n\t\t\t\t\t\t<div class=\"elementor-element elementor-element-70f917e elementor-widget elementor-widget-spacer\" data-id=\"70f917e\" data-element_type=\"widget\" data-e-type=\"widget\" data-widget_type=\"spacer.default\">\n\t\t\t\t<div class=\"elementor-widget-container\">\n\t\t\t\t\t\t\t<div class=\"elementor-spacer\">\n\t\t\t<div class=\"elementor-spacer-inner\"><\/div>\n\t\t<\/div>\n\t\t\t\t\t\t<\/div>\n\t\t\t\t<\/div>\n\t\t\t\t\t<\/div>\n\t\t<\/div>\n\t\t\t\t\t<\/div>\n\t\t<\/section>\n\t\t\t\t<section class=\"elementor-section elementor-top-section elementor-element elementor-element-95b298b elementor-section-boxed elementor-section-height-default elementor-section-height-default\" data-id=\"95b298b\" data-element_type=\"section\" data-e-type=\"section\">\n\t\t\t\t\t\t<div class=\"elementor-container elementor-column-gap-default\">\n\t\t\t\t\t<div class=\"elementor-column elementor-col-100 elementor-top-column elementor-element elementor-element-87eb6f6\" data-id=\"87eb6f6\" data-element_type=\"column\" data-e-type=\"column\">\n\t\t\t<div class=\"elementor-widget-wrap elementor-element-populated\">\n\t\t\t\t\t\t<div class=\"elementor-element elementor-element-89ed8b3 elementor-widget elementor-widget-video\" data-id=\"89ed8b3\" data-element_type=\"widget\" data-e-type=\"widget\" data-settings=\"{&quot;video_type&quot;:&quot;vimeo&quot;}\" data-widget_type=\"video.default\">\n\t\t\t\t<div class=\"elementor-widget-container\">\n\t\t\t\t\t\t\t<div class=\"elementor-wrapper elementor-open-inline\">\n\t\t\t<iframe class=\"elementor-video-iframe\" allowfullscreen allow=\"clipboard-write\" title=\"Reprodutor de v\u00eddeo vimeo\" src=\"https:\/\/player.vimeo.com\/video\/104398259?color&amp;autopause=0&amp;loop=0&amp;muted=0&amp;title=1&amp;portrait=1&amp;byline=1#t=\"><\/iframe>\t\t<\/div>\n\t\t\t\t\t\t<\/div>\n\t\t\t\t<\/div>\n\t\t\t\t\t<\/div>\n\t\t<\/div>\n\t\t\t\t\t<\/div>\n\t\t<\/section>\n\t\t\t\t<section class=\"elementor-section elementor-top-section elementor-element elementor-element-7ef204e elementor-section-boxed elementor-section-height-default elementor-section-height-default\" data-id=\"7ef204e\" data-element_type=\"section\" data-e-type=\"section\">\n\t\t\t\t\t\t<div class=\"elementor-container elementor-column-gap-default\">\n\t\t\t\t\t<div class=\"elementor-column elementor-col-100 elementor-top-column elementor-element elementor-element-7a17771\" data-id=\"7a17771\" data-element_type=\"column\" data-e-type=\"column\">\n\t\t\t<div class=\"elementor-widget-wrap elementor-element-populated\">\n\t\t\t\t\t\t<div class=\"elementor-element elementor-element-26b7de4 elementor-widget elementor-widget-spacer\" data-id=\"26b7de4\" data-element_type=\"widget\" data-e-type=\"widget\" data-widget_type=\"spacer.default\">\n\t\t\t\t<div class=\"elementor-widget-container\">\n\t\t\t\t\t\t\t<div class=\"elementor-spacer\">\n\t\t\t<div class=\"elementor-spacer-inner\"><\/div>\n\t\t<\/div>\n\t\t\t\t\t\t<\/div>\n\t\t\t\t<\/div>\n\t\t\t\t\t<\/div>\n\t\t<\/div>\n\t\t\t\t\t<\/div>\n\t\t<\/section>\n\t\t\t\t<\/div>\n\t\t","protected":false},"excerpt":{"rendered":"<p>Jana\u00edna Colorida Feito o C\u00e9u \u00a0 CPB\/ROE: B1600363600000Diretor: Babi BarachoFormato: CURTACompanhia(s) produtora(s): CABOR\u00c9 PRODUTORES ASSOCIADOSDura\u00e7\u00e3o: 15&#8217;26&#8221;\u00a0\u00a0Ano:2014Sinopse: E se&#8230;<\/p>\n","protected":false},"author":1,"featured_media":20849,"comment_status":"closed","ping_status":"closed","sticky":false,"template":"elementor_header_footer","format":"standard","meta":{"_acf_changed":false,"footnotes":""},"categories":[17],"tags":[],"class_list":["post-20847","post","type-post","status-publish","format-standard","has-post-thumbnail","hentry","category-social"],"acf":[],"blog_post_layout_featured_media_urls":{"thumbnail":["https:\/\/opa.ufrn.br\/wp-content\/uploads\/2020\/09\/JANAINA-COLORIDA-FEITO-O-CEU-150x150.png",150,150,true],"full":["https:\/\/opa.ufrn.br\/wp-content\/uploads\/2020\/09\/JANAINA-COLORIDA-FEITO-O-CEU.png",860,1209,false]},"categories_names":{"17":{"name":"Fic\u00e7\u00e3o","link":"https:\/\/opa.ufrn.br\/index.php\/category\/social\/"}},"tags_names":[],"comments_number":"0","_links":{"self":[{"href":"https:\/\/opa.ufrn.br\/index.php\/wp-json\/wp\/v2\/posts\/20847","targetHints":{"allow":["GET"]}}],"collection":[{"href":"https:\/\/opa.ufrn.br\/index.php\/wp-json\/wp\/v2\/posts"}],"about":[{"href":"https:\/\/opa.ufrn.br\/index.php\/wp-json\/wp\/v2\/types\/post"}],"author":[{"embeddable":true,"href":"https:\/\/opa.ufrn.br\/index.php\/wp-json\/wp\/v2\/users\/1"}],"replies":[{"embeddable":true,"href":"https:\/\/opa.ufrn.br\/index.php\/wp-json\/wp\/v2\/comments?post=20847"}],"version-history":[{"count":2,"href":"https:\/\/opa.ufrn.br\/index.php\/wp-json\/wp\/v2\/posts\/20847\/revisions"}],"predecessor-version":[{"id":20850,"href":"https:\/\/opa.ufrn.br\/index.php\/wp-json\/wp\/v2\/posts\/20847\/revisions\/20850"}],"wp:featuredmedia":[{"embeddable":true,"href":"https:\/\/opa.ufrn.br\/index.php\/wp-json\/wp\/v2\/media\/20849"}],"wp:attachment":[{"href":"https:\/\/opa.ufrn.br\/index.php\/wp-json\/wp\/v2\/media?parent=20847"}],"wp:term":[{"taxonomy":"category","embeddable":true,"href":"https:\/\/opa.ufrn.br\/index.php\/wp-json\/wp\/v2\/categories?post=20847"},{"taxonomy":"post_tag","embeddable":true,"href":"https:\/\/opa.ufrn.br\/index.php\/wp-json\/wp\/v2\/tags?post=20847"}],"curies":[{"name":"wp","href":"https:\/\/api.w.org\/{rel}","templated":true}]}}