{"id":20822,"date":"2020-09-02T00:20:34","date_gmt":"2020-09-02T03:20:34","guid":{"rendered":"http:\/\/opa.ufrn.br\/?p=20822"},"modified":"2020-09-02T00:23:00","modified_gmt":"2020-09-02T03:23:00","slug":"abraco-de-mare","status":"publish","type":"post","link":"https:\/\/opa.ufrn.br\/index.php\/abraco-de-mare\/","title":{"rendered":"Abra\u00e7o de Mar\u00e9"},"content":{"rendered":"\t\t<div data-elementor-type=\"wp-post\" data-elementor-id=\"20822\" class=\"elementor elementor-20822\">\n\t\t\t\t\t\t<section class=\"elementor-section elementor-top-section elementor-element elementor-element-7343c935 elementor-section-boxed elementor-section-height-default elementor-section-height-default\" data-id=\"7343c935\" data-element_type=\"section\" data-e-type=\"section\">\n\t\t\t\t\t\t<div class=\"elementor-container elementor-column-gap-no\">\n\t\t\t\t\t<div class=\"elementor-column elementor-col-100 elementor-top-column elementor-element elementor-element-660cb45c\" data-id=\"660cb45c\" data-element_type=\"column\" data-e-type=\"column\">\n\t\t\t<div class=\"elementor-widget-wrap elementor-element-populated\">\n\t\t\t\t\t\t<section class=\"elementor-section elementor-inner-section elementor-element elementor-element-16016091 elementor-section-boxed elementor-section-height-default elementor-section-height-default\" data-id=\"16016091\" data-element_type=\"section\" data-e-type=\"section\">\n\t\t\t\t\t\t<div class=\"elementor-container elementor-column-gap-no\">\n\t\t\t\t\t<div class=\"elementor-column elementor-col-100 elementor-inner-column elementor-element elementor-element-25190687\" data-id=\"25190687\" data-element_type=\"column\" data-e-type=\"column\">\n\t\t\t<div class=\"elementor-widget-wrap\">\n\t\t\t\t\t\t\t<\/div>\n\t\t<\/div>\n\t\t\t\t\t<\/div>\n\t\t<\/section>\n\t\t\t\t<div class=\"elementor-element elementor-element-dc6d6b5 elementor-widget elementor-widget-heading\" data-id=\"dc6d6b5\" data-element_type=\"widget\" data-e-type=\"widget\" data-widget_type=\"heading.default\">\n\t\t\t\t<div class=\"elementor-widget-container\">\n\t\t\t\t\t<h2 class=\"elementor-heading-title elementor-size-default\">Jesu\u00edno Brilhante<\/h2>\t\t\t\t<\/div>\n\t\t\t\t<\/div>\n\t\t\t\t\t<\/div>\n\t\t<\/div>\n\t\t\t\t\t<\/div>\n\t\t<\/section>\n\t\t\t\t<section class=\"elementor-section elementor-top-section elementor-element elementor-element-c204f09 elementor-section-boxed elementor-section-height-default elementor-section-height-default\" data-id=\"c204f09\" data-element_type=\"section\" data-e-type=\"section\">\n\t\t\t\t\t\t<div class=\"elementor-container elementor-column-gap-default\">\n\t\t\t\t\t<div class=\"elementor-column elementor-col-33 elementor-top-column elementor-element elementor-element-58f0c89\" data-id=\"58f0c89\" data-element_type=\"column\" data-e-type=\"column\">\n\t\t\t<div class=\"elementor-widget-wrap elementor-element-populated\">\n\t\t\t\t\t\t<div class=\"elementor-element elementor-element-a5b40c1 elementor-absolute elementor-widget elementor-widget-image\" data-id=\"a5b40c1\" data-element_type=\"widget\" data-e-type=\"widget\" data-settings=\"{&quot;_position&quot;:&quot;absolute&quot;}\" data-widget_type=\"image.default\">\n\t\t\t\t<div class=\"elementor-widget-container\">\n\t\t\t\t\t\t\t\t\t\t\t\t\t\t\t<img fetchpriority=\"high\" decoding=\"async\" width=\"210\" height=\"280\" src=\"https:\/\/opa.ufrn.br\/wp-content\/uploads\/2020\/09\/Abraco-De-Mare.jpg\" class=\"attachment-full size-full wp-image-20823\" alt=\"\" \/>\t\t\t\t\t\t\t\t\t\t\t\t\t\t\t<\/div>\n\t\t\t\t<\/div>\n\t\t\t\t\t<\/div>\n\t\t<\/div>\n\t\t\t\t<div class=\"elementor-column elementor-col-66 elementor-top-column elementor-element elementor-element-46bb8db\" data-id=\"46bb8db\" data-element_type=\"column\" data-e-type=\"column\">\n\t\t\t<div class=\"elementor-widget-wrap elementor-element-populated\">\n\t\t\t\t\t\t<div class=\"elementor-element elementor-element-9d24150 elementor-widget elementor-widget-text-editor\" data-id=\"9d24150\" data-element_type=\"widget\" data-e-type=\"widget\" data-widget_type=\"text-editor.default\">\n\t\t\t\t<div class=\"elementor-widget-container\">\n\t\t\t\t\t\t\t\t\t<h1 style=\"font-style: normal;\">\u00a0<\/h1><div class=\"profile clearfix\" style=\"font-family: Roboto, sans-serif; font-weight: 400; font-style: normal; font-size: 12.5px;\"><div id=\"pnFilmeCorpo\" style=\"font-size: 12.5px;\"><span id=\"mainContent_movieProfile_infoSubGenero_wrapSpan\" style=\"font-size: 12.5px;\"><span style=\"font-family: Lato, sans-serif; font-weight: 600; font-size: 12.5px;\"><span id=\"mainContent_movieProfile_infoSubGenero_lblInfo\" style=\"font-size: 12.5px;\">CPB\/ROE:<\/span><\/span> B1500494700000<\/span><br \/><span id=\"mainContent_movieProfile_infoDirector_wrapSpan\" style=\"font-size: 12.5px;\"><span style=\"font-family: Lato, sans-serif; font-weight: 600; font-size: 12.5px;\"><span id=\"mainContent_movieProfile_infoDirector_lblInfo\" style=\"font-size: 12.5px;\">Diretor:<\/span><\/span> Victor Cir\u00edaco<\/span><\/div><div style=\"font-size: 12.5px;\"><span style=\"font-family: Lato, sans-serif; font-weight: 600; font-size: 12.5px;\">Formato:<\/span> CURTA<br \/><span style=\"font-family: Lato, sans-serif; font-weight: 600; font-size: 12.5px;\">Companhia(s) produtora(s):<\/span> Ponte Audiovisual.<br \/><span id=\"mainContent_movieProfile_infoLength_wrapSpan\" style=\"font-size: 12.5px;\"><span style=\"font-family: Lato, sans-serif; font-weight: 600; font-size: 12.5px;\"><span id=\"mainContent_movieProfile_infoLength_lblInfo\" style=\"font-size: 12.5px;\">Dura\u00e7\u00e3o:<\/span><\/span> 16&#8217;10&#8221;<\/span>\u00a0 \u00a0<span style=\"font-family: Lato, sans-serif; font-weight: 600; font-size: 12.5px;\"><span id=\"mainContent_movieProfile_infoYear_lblInfo\" style=\"font-size: 12.5px;\">Ano:<\/span>\u00a0<\/span>2013<br \/><span id=\"mainContent_movieProfile_infoSinopsis_wrapSpan\" style=\"font-size: 12.5px;\"><span style=\"font-family: Lato, sans-serif; font-weight: 600; font-size: 12.5px;\"><span id=\"mainContent_movieProfile_infoSinopsis_lblInfo\" style=\"font-size: 12.5px;\">Sinopse:<\/span><\/span> O dia a dia de quem mora em um centro urbano \u00e9 sempre atribulado. Por\u00e9m, bem no meio disso tudo, cinco pessoas vivem na mais pura sintonia entre a natureza e a cidade. Do asfalto ao mangue, o curta-metragem documental \u201cAbra\u00e7o de mar\u00e9\u201d traz para a tela a hist\u00f3ria de vida de uma fam\u00edlia ribeirinha, que mora em uma casa de taipa \u00e0s margens do rio Potengi. Esse filme nos leva a refletir sobre essa dualidade e sobre o quanto a realidade que nos parece ser t\u00e3o distinta nos \u00e9, na verdade, t\u00e3o pr\u00f3xima.<\/span><\/div><div style=\"font-size: 12.5px;\">\u00a0<\/div><\/div><div id=\"mainContent_castWrap_Panel2\" class=\"movie_item clearfix\" style=\"font-family: Roboto, sans-serif; font-style: normal; font-size: 12.5px;\"><div id=\"mainContent_castWrap_extraInfo_CollapsiblePanel\" class=\"box-fixed\" style=\"font-size: 12.5px;\"><div id=\"mainContent_castWrap_extraInfo_Top\" class=\"title2 clearfix rounded-top\" style=\"font-size: 12.5px;\"><span id=\"mainContent_castWrap_extraInfo_lblTitle\" style=\"font-size: 12.5px;\"><b>Ficha T\u00e9cnica:<\/b><\/span><\/div><div id=\"\" class=\"\" style=\"font-size: 12.5px;\"><div id=\"mainContent_castWrap_extraInfo_collapsibleContent\" style=\"font-size: 12.5px;\"><div id=\"mainContent_castWrap_extraInfo_Content\" style=\"font-size: 12.5px;\">Dire\u00e7\u00e3o: Victor Ciriaco Produ\u00e7\u00e3o Executiva: Helio Ronyvon Dire\u00e7\u00e3o de Produ\u00e7\u00e3o: Beatriz Tanabe Dire\u00e7\u00e3o de Fotografia: Victor Ciriaco | Luara Scham\u00f3 Roteiro: Victor Ciriaco | Luara Scham\u00f3 | Helio Ronyvon Som Direto: Helio Ronyvon | B\u00e1rbara Neves Produ\u00e7\u00e3o: Beatriz Tanabe | Ixion Fonteneles Montagem e finaliza\u00e7\u00e3o: Pipa Dantas Trilha: Pedras Le\u00e3o Arte: Eduardo Scham\u00f3<\/div><\/div><\/div><\/div><\/div>\t\t\t\t\t\t\t\t<\/div>\n\t\t\t\t<\/div>\n\t\t\t\t\t<\/div>\n\t\t<\/div>\n\t\t\t\t\t<\/div>\n\t\t<\/section>\n\t\t\t\t<section class=\"elementor-section elementor-top-section elementor-element elementor-element-ddedbab elementor-section-boxed elementor-section-height-default elementor-section-height-default\" data-id=\"ddedbab\" data-element_type=\"section\" data-e-type=\"section\">\n\t\t\t\t\t\t<div class=\"elementor-container elementor-column-gap-default\">\n\t\t\t\t\t<div class=\"elementor-column elementor-col-100 elementor-top-column elementor-element elementor-element-5a5cb32\" data-id=\"5a5cb32\" data-element_type=\"column\" data-e-type=\"column\">\n\t\t\t<div class=\"elementor-widget-wrap elementor-element-populated\">\n\t\t\t\t\t\t<div class=\"elementor-element elementor-element-70f917e elementor-widget elementor-widget-spacer\" data-id=\"70f917e\" data-element_type=\"widget\" data-e-type=\"widget\" data-widget_type=\"spacer.default\">\n\t\t\t\t<div class=\"elementor-widget-container\">\n\t\t\t\t\t\t\t<div class=\"elementor-spacer\">\n\t\t\t<div class=\"elementor-spacer-inner\"><\/div>\n\t\t<\/div>\n\t\t\t\t\t\t<\/div>\n\t\t\t\t<\/div>\n\t\t\t\t\t<\/div>\n\t\t<\/div>\n\t\t\t\t\t<\/div>\n\t\t<\/section>\n\t\t\t\t<\/div>\n\t\t","protected":false},"excerpt":{"rendered":"<p>Jesu\u00edno Brilhante \u00a0 CPB\/ROE: B1500494700000Diretor: Victor Cir\u00edacoFormato: CURTACompanhia(s) produtora(s): Ponte Audiovisual.Dura\u00e7\u00e3o: 16&#8217;10&#8221;\u00a0 \u00a0Ano:\u00a02013Sinopse: O dia a dia de&#8230;<\/p>\n","protected":false},"author":1,"featured_media":20823,"comment_status":"closed","ping_status":"closed","sticky":false,"template":"elementor_header_footer","format":"standard","meta":{"_acf_changed":false,"footnotes":""},"categories":[16],"tags":[],"class_list":["post-20822","post","type-post","status-publish","format-standard","has-post-thumbnail","hentry","category-apps"],"acf":[],"blog_post_layout_featured_media_urls":{"thumbnail":["https:\/\/opa.ufrn.br\/wp-content\/uploads\/2020\/09\/Abraco-De-Mare-150x150.jpg",150,150,true],"full":["https:\/\/opa.ufrn.br\/wp-content\/uploads\/2020\/09\/Abraco-De-Mare.jpg",210,280,false]},"categories_names":{"16":{"name":"Document\u00e1rio","link":"https:\/\/opa.ufrn.br\/index.php\/category\/apps\/"}},"tags_names":[],"comments_number":"0","_links":{"self":[{"href":"https:\/\/opa.ufrn.br\/index.php\/wp-json\/wp\/v2\/posts\/20822","targetHints":{"allow":["GET"]}}],"collection":[{"href":"https:\/\/opa.ufrn.br\/index.php\/wp-json\/wp\/v2\/posts"}],"about":[{"href":"https:\/\/opa.ufrn.br\/index.php\/wp-json\/wp\/v2\/types\/post"}],"author":[{"embeddable":true,"href":"https:\/\/opa.ufrn.br\/index.php\/wp-json\/wp\/v2\/users\/1"}],"replies":[{"embeddable":true,"href":"https:\/\/opa.ufrn.br\/index.php\/wp-json\/wp\/v2\/comments?post=20822"}],"version-history":[{"count":2,"href":"https:\/\/opa.ufrn.br\/index.php\/wp-json\/wp\/v2\/posts\/20822\/revisions"}],"predecessor-version":[{"id":20825,"href":"https:\/\/opa.ufrn.br\/index.php\/wp-json\/wp\/v2\/posts\/20822\/revisions\/20825"}],"wp:featuredmedia":[{"embeddable":true,"href":"https:\/\/opa.ufrn.br\/index.php\/wp-json\/wp\/v2\/media\/20823"}],"wp:attachment":[{"href":"https:\/\/opa.ufrn.br\/index.php\/wp-json\/wp\/v2\/media?parent=20822"}],"wp:term":[{"taxonomy":"category","embeddable":true,"href":"https:\/\/opa.ufrn.br\/index.php\/wp-json\/wp\/v2\/categories?post=20822"},{"taxonomy":"post_tag","embeddable":true,"href":"https:\/\/opa.ufrn.br\/index.php\/wp-json\/wp\/v2\/tags?post=20822"}],"curies":[{"name":"wp","href":"https:\/\/api.w.org\/{rel}","templated":true}]}}