{"id":20189,"date":"2020-08-23T18:49:44","date_gmt":"2020-08-23T21:49:44","guid":{"rendered":"http:\/\/opa.ufrn.br\/?p=20189"},"modified":"2020-09-01T23:35:00","modified_gmt":"2020-09-02T02:35:00","slug":"inacio-garapa-o-matuto-sonhador","status":"publish","type":"post","link":"https:\/\/opa.ufrn.br\/index.php\/inacio-garapa-o-matuto-sonhador\/","title":{"rendered":"In\u00e1cio garapa, o matuto sonhador"},"content":{"rendered":"\t\t<div data-elementor-type=\"wp-post\" data-elementor-id=\"20189\" class=\"elementor elementor-20189\">\n\t\t\t\t\t\t<section class=\"elementor-section elementor-top-section elementor-element elementor-element-7343c935 elementor-section-boxed elementor-section-height-default elementor-section-height-default\" data-id=\"7343c935\" data-element_type=\"section\" data-e-type=\"section\">\n\t\t\t\t\t\t<div class=\"elementor-container elementor-column-gap-no\">\n\t\t\t\t\t<div class=\"elementor-column elementor-col-100 elementor-top-column elementor-element elementor-element-660cb45c\" data-id=\"660cb45c\" data-element_type=\"column\" data-e-type=\"column\">\n\t\t\t<div class=\"elementor-widget-wrap elementor-element-populated\">\n\t\t\t\t\t\t<section class=\"elementor-section elementor-inner-section elementor-element elementor-element-16016091 elementor-section-boxed elementor-section-height-default elementor-section-height-default\" data-id=\"16016091\" data-element_type=\"section\" data-e-type=\"section\">\n\t\t\t\t\t\t<div class=\"elementor-container elementor-column-gap-no\">\n\t\t\t\t\t<div class=\"elementor-column elementor-col-100 elementor-inner-column elementor-element elementor-element-25190687\" data-id=\"25190687\" data-element_type=\"column\" data-e-type=\"column\">\n\t\t\t<div class=\"elementor-widget-wrap\">\n\t\t\t\t\t\t\t<\/div>\n\t\t<\/div>\n\t\t\t\t\t<\/div>\n\t\t<\/section>\n\t\t\t\t<div class=\"elementor-element elementor-element-422e270 elementor-widget elementor-widget-heading\" data-id=\"422e270\" data-element_type=\"widget\" data-e-type=\"widget\" data-widget_type=\"heading.default\">\n\t\t\t\t<div class=\"elementor-widget-container\">\n\t\t\t\t\t<h2 class=\"elementor-heading-title elementor-size-default\">In\u00e1cio garapa, o matuto sonhador<\/h2>\t\t\t\t<\/div>\n\t\t\t\t<\/div>\n\t\t\t\t\t<\/div>\n\t\t<\/div>\n\t\t\t\t\t<\/div>\n\t\t<\/section>\n\t\t\t\t<section class=\"elementor-section elementor-top-section elementor-element elementor-element-c204f09 elementor-section-boxed elementor-section-height-default elementor-section-height-default\" data-id=\"c204f09\" data-element_type=\"section\" data-e-type=\"section\">\n\t\t\t\t\t\t<div class=\"elementor-container elementor-column-gap-default\">\n\t\t\t\t\t<div class=\"elementor-column elementor-col-33 elementor-top-column elementor-element elementor-element-58f0c89\" data-id=\"58f0c89\" data-element_type=\"column\" data-e-type=\"column\">\n\t\t\t<div class=\"elementor-widget-wrap elementor-element-populated\">\n\t\t\t\t\t\t<div class=\"elementor-element elementor-element-a5b40c1 elementor-absolute elementor-widget elementor-widget-image\" data-id=\"a5b40c1\" data-element_type=\"widget\" data-e-type=\"widget\" data-settings=\"{&quot;_position&quot;:&quot;absolute&quot;}\" data-widget_type=\"image.default\">\n\t\t\t\t<div class=\"elementor-widget-container\">\n\t\t\t\t\t\t\t\t\t\t\t\t\t\t\t<img fetchpriority=\"high\" decoding=\"async\" width=\"1024\" height=\"606\" src=\"https:\/\/opa.ufrn.br\/wp-content\/uploads\/2020\/08\/In\u00e1cio-garapa-o-matuto-sonhador-1024x606.jpg\" class=\"attachment-large size-large wp-image-20191\" alt=\"\" srcset=\"https:\/\/opa.ufrn.br\/wp-content\/uploads\/2020\/08\/In\u00e1cio-garapa-o-matuto-sonhador-1024x606.jpg 1024w, https:\/\/opa.ufrn.br\/wp-content\/uploads\/2020\/08\/In\u00e1cio-garapa-o-matuto-sonhador-300x178.jpg 300w, https:\/\/opa.ufrn.br\/wp-content\/uploads\/2020\/08\/In\u00e1cio-garapa-o-matuto-sonhador-768x454.jpg 768w, https:\/\/opa.ufrn.br\/wp-content\/uploads\/2020\/08\/In\u00e1cio-garapa-o-matuto-sonhador.jpg 1215w\" sizes=\"(max-width: 1024px) 100vw, 1024px\" \/>\t\t\t\t\t\t\t\t\t\t\t\t\t\t\t<\/div>\n\t\t\t\t<\/div>\n\t\t\t\t\t<\/div>\n\t\t<\/div>\n\t\t\t\t<div class=\"elementor-column elementor-col-66 elementor-top-column elementor-element elementor-element-46bb8db\" data-id=\"46bb8db\" data-element_type=\"column\" data-e-type=\"column\">\n\t\t\t<div class=\"elementor-widget-wrap elementor-element-populated\">\n\t\t\t\t\t\t<div class=\"elementor-element elementor-element-9d24150 elementor-widget elementor-widget-text-editor\" data-id=\"9d24150\" data-element_type=\"widget\" data-e-type=\"widget\" data-widget_type=\"text-editor.default\">\n\t\t\t\t<div class=\"elementor-widget-container\">\n\t\t\t\t\t\t\t\t\t<h1 style=\"font-style: normal;\"><br><\/h1>\n<div style=\"font-family: Roboto, sans-serif; font-weight: 400; font-style: normal; font-size: 12.5px;\">\n<div style=\"font-size: 12.5px;\"><span style=\"font-size: 12.5px;\"><span style=\"font-family: Lato, sans-serif; font-weight: 600; font-size: 12.5px;\"><span style=\"font-size: 12.5px;\">CPB\/ROE:<\/span><\/span> SEM REGISTRO<\/span><\/div>\n<div style=\"font-size: 12.5px;\"><span style=\"font-size: 12.5px;\"><span style=\"font-family: Lato, sans-serif; font-weight: 600; font-size: 12.5px;\"><span style=\"font-size: 12.5px;\">Diretor:<\/span><\/span> J. Gomes<\/span><\/div>\n<div style=\"font-size: 12.5px;\"><span style=\"font-family: Lato, sans-serif; font-weight: 600; font-size: 12.5px;\">Formato:<\/span> LONGA<br><span style=\"font-size: 12.5px;\"><span style=\"font-family: Lato, sans-serif; font-weight: 600; font-size: 12.5px;\"><span style=\"font-size: 12.5px;\">Dura\u00e7\u00e3o:<\/span><\/span> 100&#8242;<\/span>&nbsp; &nbsp;&nbsp;<span style=\"font-family: Lato, sans-serif; font-weight: 600; font-size: 12.5px;\"><span style=\"font-size: 12.5px;\">Ano:<\/span>&nbsp;<\/span>2010<br><span style=\"font-size: 12.5px;\"><span style=\"font-family: Lato, sans-serif; font-weight: 600; font-size: 12.5px;\"><span style=\"font-size: 12.5px;\">Sinopse:<\/span><\/span> O filme \u00e9 uma com\u00e9dia que narra a hist\u00f3ria de In\u00e1cio Garapa, apelido que lhe foi auferido desde crian\u00e7a por ter sido criado com garapa de rapadura, vive da ro\u00e7a, mas sonha em ser um escritor, um famoso cantador de viola ou um vereador. Casado com Mundinha, tem dois filhos e os sonhos que o nutre para deixar a vida sofrida da ro\u00e7a, os leva a situa\u00e7\u00f5es hil\u00e1rias, principalmente pela rejei\u00e7\u00e3o aos seus devaneios por sua esposa, brava mulher sertaneja.<\/span><\/div>\n<div style=\"font-size: 12.5px;\"><span style=\"color: #7a7a7a; font-family: Roboto, RobotoDraft, Helvetica, Arial, sans-serif; font-size: 13px; white-space: pre-wrap;\"><span style=\"font-size: 12.5px;\"><span style=\"font-family: Lato, sans-serif; font-weight: 600; font-size: 12.5px;\">Produtora:<\/span><\/span> BARRIGUDA FILMES<\/span><\/div>\n<div><span style=\"font-size: 12.5px;\"><span style=\"font-family: Lato, sans-serif; font-weight: 600; font-size: 12.5px;\">Ficha t\u00e9cnica:<\/span><\/span> Dire\u00e7\u00e3o, Roteiro, Produ\u00e7\u00e3o, Dire\u00e7\u00e3o de Fotografia e Montagem: J. Gomes<\/div>\n<\/div>\n<div style=\"font-family: Roboto, sans-serif; font-style: normal; font-size: 12.5px;\">\n<div style=\"font-size: 12.5px;\">\n<div>&nbsp;<\/div>\n<\/div>\n<\/div>\t\t\t\t\t\t\t\t<\/div>\n\t\t\t\t<\/div>\n\t\t\t\t\t<\/div>\n\t\t<\/div>\n\t\t\t\t\t<\/div>\n\t\t<\/section>\n\t\t\t\t<section class=\"elementor-section elementor-top-section elementor-element elementor-element-a70e046 elementor-section-boxed elementor-section-height-default elementor-section-height-default\" data-id=\"a70e046\" data-element_type=\"section\" data-e-type=\"section\">\n\t\t\t\t\t\t<div class=\"elementor-container elementor-column-gap-default\">\n\t\t\t\t\t<div class=\"elementor-column elementor-col-100 elementor-top-column elementor-element elementor-element-110b214\" data-id=\"110b214\" data-element_type=\"column\" data-e-type=\"column\">\n\t\t\t<div class=\"elementor-widget-wrap elementor-element-populated\">\n\t\t\t\t\t\t<div class=\"elementor-element elementor-element-c5759ae elementor-widget elementor-widget-spacer\" data-id=\"c5759ae\" data-element_type=\"widget\" data-e-type=\"widget\" data-widget_type=\"spacer.default\">\n\t\t\t\t<div class=\"elementor-widget-container\">\n\t\t\t\t\t\t\t<div class=\"elementor-spacer\">\n\t\t\t<div class=\"elementor-spacer-inner\"><\/div>\n\t\t<\/div>\n\t\t\t\t\t\t<\/div>\n\t\t\t\t<\/div>\n\t\t\t\t\t<\/div>\n\t\t<\/div>\n\t\t\t\t\t<\/div>\n\t\t<\/section>\n\t\t\t\t<section class=\"elementor-section elementor-top-section elementor-element elementor-element-e093d86 elementor-section-boxed elementor-section-height-default elementor-section-height-default\" data-id=\"e093d86\" data-element_type=\"section\" data-e-type=\"section\">\n\t\t\t\t\t\t<div class=\"elementor-container elementor-column-gap-default\">\n\t\t\t\t\t<div class=\"elementor-column elementor-col-100 elementor-top-column elementor-element elementor-element-80bb174\" data-id=\"80bb174\" data-element_type=\"column\" data-e-type=\"column\">\n\t\t\t<div class=\"elementor-widget-wrap elementor-element-populated\">\n\t\t\t\t\t\t<div class=\"elementor-element elementor-element-1fe2d6f elementor-widget elementor-widget-spacer\" data-id=\"1fe2d6f\" data-element_type=\"widget\" data-e-type=\"widget\" data-widget_type=\"spacer.default\">\n\t\t\t\t<div class=\"elementor-widget-container\">\n\t\t\t\t\t\t\t<div class=\"elementor-spacer\">\n\t\t\t<div class=\"elementor-spacer-inner\"><\/div>\n\t\t<\/div>\n\t\t\t\t\t\t<\/div>\n\t\t\t\t<\/div>\n\t\t\t\t\t<\/div>\n\t\t<\/div>\n\t\t\t\t\t<\/div>\n\t\t<\/section>\n\t\t\t\t<\/div>\n\t\t","protected":false},"excerpt":{"rendered":"<p>In\u00e1cio garapa, o matuto sonhador CPB\/ROE: SEM REGISTRO Diretor: J. Gomes Formato: LONGADura\u00e7\u00e3o: 100&#8242;&nbsp; &nbsp;&nbsp;Ano:&nbsp;2010Sinopse: O filme \u00e9&#8230;<\/p>\n","protected":false},"author":1,"featured_media":20191,"comment_status":"closed","ping_status":"closed","sticky":false,"template":"elementor_header_footer","format":"standard","meta":{"_acf_changed":false,"footnotes":""},"categories":[17],"tags":[],"class_list":["post-20189","post","type-post","status-publish","format-standard","has-post-thumbnail","hentry","category-social"],"acf":[],"blog_post_layout_featured_media_urls":{"thumbnail":["https:\/\/opa.ufrn.br\/wp-content\/uploads\/2020\/08\/In\u00e1cio-garapa-o-matuto-sonhador-150x150.jpg",150,150,true],"full":["https:\/\/opa.ufrn.br\/wp-content\/uploads\/2020\/08\/In\u00e1cio-garapa-o-matuto-sonhador.jpg",1215,719,false]},"categories_names":{"17":{"name":"Fic\u00e7\u00e3o","link":"https:\/\/opa.ufrn.br\/index.php\/category\/social\/"}},"tags_names":[],"comments_number":"0","_links":{"self":[{"href":"https:\/\/opa.ufrn.br\/index.php\/wp-json\/wp\/v2\/posts\/20189","targetHints":{"allow":["GET"]}}],"collection":[{"href":"https:\/\/opa.ufrn.br\/index.php\/wp-json\/wp\/v2\/posts"}],"about":[{"href":"https:\/\/opa.ufrn.br\/index.php\/wp-json\/wp\/v2\/types\/post"}],"author":[{"embeddable":true,"href":"https:\/\/opa.ufrn.br\/index.php\/wp-json\/wp\/v2\/users\/1"}],"replies":[{"embeddable":true,"href":"https:\/\/opa.ufrn.br\/index.php\/wp-json\/wp\/v2\/comments?post=20189"}],"version-history":[{"count":11,"href":"https:\/\/opa.ufrn.br\/index.php\/wp-json\/wp\/v2\/posts\/20189\/revisions"}],"predecessor-version":[{"id":20788,"href":"https:\/\/opa.ufrn.br\/index.php\/wp-json\/wp\/v2\/posts\/20189\/revisions\/20788"}],"wp:featuredmedia":[{"embeddable":true,"href":"https:\/\/opa.ufrn.br\/index.php\/wp-json\/wp\/v2\/media\/20191"}],"wp:attachment":[{"href":"https:\/\/opa.ufrn.br\/index.php\/wp-json\/wp\/v2\/media?parent=20189"}],"wp:term":[{"taxonomy":"category","embeddable":true,"href":"https:\/\/opa.ufrn.br\/index.php\/wp-json\/wp\/v2\/categories?post=20189"},{"taxonomy":"post_tag","embeddable":true,"href":"https:\/\/opa.ufrn.br\/index.php\/wp-json\/wp\/v2\/tags?post=20189"}],"curies":[{"name":"wp","href":"https:\/\/api.w.org\/{rel}","templated":true}]}}